{"id":974,"date":"2022-01-25T17:00:00","date_gmt":"2022-01-25T17:00:00","guid":{"rendered":"http:\/\/172.27.0.121\/?p=974"},"modified":"2022-06-01T17:02:30","modified_gmt":"2022-06-01T17:02:30","slug":"ciclista-roniel-campos-recibe-orden-francisco-de-miranda","status":"publish","type":"post","link":"https:\/\/prensapresidencialvenezuela.gob.ve\/index.php\/2022\/01\/25\/ciclista-roniel-campos-recibe-orden-francisco-de-miranda\/","title":{"rendered":"Ciclista Roniel Campos recibe Orden Francisco de Miranda"},"content":{"rendered":"\n<p><strong>Palacio de Miraflores, Caracas.-<\/strong> En reconocimiento a su tricampeonato en la Vuelta al T\u00e1chira, el ciclista Roniel Campos recibe este martes las Orden Francisco de Miranda en su Segunda Clase, Precursor, de manos del presidente de la Rep\u00fablica, Nicol\u00e1s Maduro.<\/p>\n\n\n\n<p>Campos, representante del equipo Deportivo T\u00e1chira, lider\u00f3 la clasificaci\u00f3n general al totalizar un tiempo de 25 horas, 5 minutos y 15 segundos al t\u00e9rmino de la octava que const\u00f3 de un recorrido de 116.4 kil\u00f3metros con salida y llegada en San Crist\u00f3bal, estado T\u00e1chira.<\/p>\n\n\n\n<p>El podio lo completaron el venezolano Edwin Becerra (Fundaci\u00f3n \u00c1ngeles Hern\u00e1ndez) y el colombiano Didier Merch\u00e1n (Drone Hopper-Androni Giocattoli), quienes finalizaron con diferencia de 1:03 y 1:44, respectivamente.<\/p>\n\n\n\n<p>Campos, quien asumi\u00f3 el liderato al consagrarse en la sexta etapa (Rubio \u2013 Casa del Padre), encabez\u00f3 adem\u00e1s la clasificaci\u00f3n de monta\u00f1a al sumar 21 puntos.<\/p>\n\n\n\n<p>Es la tercera ocasi\u00f3n en la que Roniel Campos se titula en la Vuelta al T\u00e1chira, luego de las ediciones de 2020 y 2021 cuando culmin\u00f3 con cron\u00f3metro de 23:53:12 y 23:36:15, respectivamente.<\/p>\n\n\n\n<p>Al consagrarse en la Vuelta al T\u00e1chira, cuya edici\u00f3n cont\u00f3 con la participaci\u00f3n de 12 equipos nacionales e internacionales, el Jefe de Estado extendi\u00f3 sus felicitaciones a Roniel Campos \u00abpor su tercera corona consecutiva\u00bb.<\/p>\n\n\n\n<p>\u00abIgualmente saludo a la fanaticada aurinegra por esta victoria. Disfrutamos de una edici\u00f3n de lujo, cargada de alegr\u00eda y pasi\u00f3n deportiva\u00bb, destac\u00f3 a trav\u00e9s de su cuenta en la red social Twitter, @NicolasMaduro.<\/p>\n\n\n\n<p>La 57\u00b0 Vuelta al T\u00e1chira que se desarroll\u00f3 entre el 16 y el 23 de enero, contempl\u00f3 una distancia de 977 kil\u00f3metros, iniciando en T\u00e1riba y finalizando en San Crist\u00f3bal.<\/p>\n\n\n\n<p>P<strong>rensa Presidencial\/Karelis Gonz\u00e1lez<\/strong><\/p>\n","protected":false},"excerpt":{"rendered":"<p>Palacio de Miraflores, Caracas.- En reconocimiento a su tricampeonato en la Vuelta al T\u00e1chira, el ciclista Roniel Campos recibe este martes las Orden Francisco de Miranda en su Segunda Clase, Precursor, de manos del presidente de la Rep\u00fablica, Nicol\u00e1s Maduro. Campos, representante del equipo Deportivo T\u00e1chira, lider\u00f3 la clasificaci\u00f3n general al totalizar un tiempo de [&hellip;]<\/p>\n","protected":false},"author":6,"featured_media":975,"comment_status":"open","ping_status":"open","sticky":false,"template":"","format":"standard","meta":{"footnotes":""},"categories":[7],"tags":[],"class_list":["post-974","post","type-post","status-publish","format-standard","has-post-thumbnail","hentry","category-notas-de-prensa"],"_links":{"self":[{"href":"https:\/\/prensapresidencialvenezuela.gob.ve\/index.php\/wp-json\/wp\/v2\/posts\/974","targetHints":{"allow":["GET"]}}],"collection":[{"href":"https:\/\/prensapresidencialvenezuela.gob.ve\/index.php\/wp-json\/wp\/v2\/posts"}],"about":[{"href":"https:\/\/prensapresidencialvenezuela.gob.ve\/index.php\/wp-json\/wp\/v2\/types\/post"}],"author":[{"embeddable":true,"href":"https:\/\/prensapresidencialvenezuela.gob.ve\/index.php\/wp-json\/wp\/v2\/users\/6"}],"replies":[{"embeddable":true,"href":"https:\/\/prensapresidencialvenezuela.gob.ve\/index.php\/wp-json\/wp\/v2\/comments?post=974"}],"version-history":[{"count":1,"href":"https:\/\/prensapresidencialvenezuela.gob.ve\/index.php\/wp-json\/wp\/v2\/posts\/974\/revisions"}],"predecessor-version":[{"id":976,"href":"https:\/\/prensapresidencialvenezuela.gob.ve\/index.php\/wp-json\/wp\/v2\/posts\/974\/revisions\/976"}],"wp:featuredmedia":[{"embeddable":true,"href":"https:\/\/prensapresidencialvenezuela.gob.ve\/index.php\/wp-json\/wp\/v2\/media\/975"}],"wp:attachment":[{"href":"https:\/\/prensapresidencialvenezuela.gob.ve\/index.php\/wp-json\/wp\/v2\/media?parent=974"}],"wp:term":[{"taxonomy":"category","embeddable":true,"href":"https:\/\/prensapresidencialvenezuela.gob.ve\/index.php\/wp-json\/wp\/v2\/categories?post=974"},{"taxonomy":"post_tag","embeddable":true,"href":"https:\/\/prensapresidencialvenezuela.gob.ve\/index.php\/wp-json\/wp\/v2\/tags?post=974"}],"curies":[{"name":"wp","href":"https:\/\/api.w.org\/{rel}","templated":true}]}}