{"id":9745,"date":"2024-04-15T10:50:35","date_gmt":"2024-04-15T14:50:35","guid":{"rendered":"http:\/\/172.27.0.121\/?p=9745"},"modified":"2024-04-16T10:51:52","modified_gmt":"2024-04-16T14:51:52","slug":"revolucion-bolivariana-ha-demostrado-capacidad-para-renovarse","status":"publish","type":"post","link":"https:\/\/prensapresidencialvenezuela.gob.ve\/index.php\/2024\/04\/15\/revolucion-bolivariana-ha-demostrado-capacidad-para-renovarse\/","title":{"rendered":"Revoluci\u00f3n Bolivariana ha demostrado capacidad para renovarse"},"content":{"rendered":"\n<p><strong>Teatro Teresa Carre\u00f1o, Caracas.-<\/strong> \u201cNosotros somos una Revoluci\u00f3n que ha demostrado una gran capacidad de generar los cambios que la historia nos ha exigido en todas las etapas, ha sabido renovarse permanentemente\u201d, asever\u00f3 el presidente de la Rep\u00fablica Bolivariana de Venezuela, Nicol\u00e1s Maduro Moros.<\/p>\n\n\n\n<p>Al rememorar los hechos de abril del a\u00f1o 2002, el Jefe de Estado afirm\u00f3 que consolid\u00f3 la uni\u00f3n popular \u2013 militar \u00fanica <a><\/a>en la historia de Venezuela. \u201cLa insurrecci\u00f3n popular \u2013 militar que permiti\u00f3 la recuperaci\u00f3n del poder pol\u00edtico, el rescate de la Constituci\u00f3n, de la Rep\u00fablica, de democracia, y el rescate sano y salvo del Comandante Ch\u00e1vez (\u2026) es un milagro que lo hizo el Poder Popular y el poder militar bolivariano\u201d.<\/p>\n\n\n\n<p>Posterior al golpe de Estado de abril de 2002 el pa\u00eds vivi\u00f3 grandes cambios, \u201cse instal\u00f3, con las Misiones y Grandes Misiones, el estado de bienestar social que nuestro pueblo conoci\u00f3, vinieron los grandes cambios en la conciencia del pueblo, nacieron en el a\u00f1o 2006 los Consejos Comunales que hoy son el gran Poder Popular de la naci\u00f3n, nacieron las Comunas, se refund\u00f3 la Fuerza Armada Nacional Bolivariana, se fund\u00f3 la Milicia Nacional Bolivariana, se construy\u00f3 la fusi\u00f3n c\u00edvico- militar, se avanz\u00f3 en lo social, en lo econ\u00f3mico\u201d.<\/p>\n\n\n\n<p>A juicio del presidente Maduro, el avance m\u00e1s importante que dio Venezuela fue en el campo moral y de conciencia, la formaci\u00f3n del pueblo con capacidad de lucha y resistencia.<\/p>\n\n\n\n<p>\u201cEl Comandante Ch\u00e1vez sembr\u00f3 para el futuro, tuvo conciencia de la formaci\u00f3n de l\u00edderes, lideresas, la formaci\u00f3n de un partido, del Gran Polo Patri\u00f3tico, de movimientos sociales (\u2026) yo como dirigente revolucionario (\u2026) soy formaci\u00f3n del Comandante Ch\u00e1vez, cada \u00e1tomo de mi conciencia, de mi mente, de mi vida y de mi ser es Ch\u00e1vez\u201d, destac\u00f3.<\/p>\n\n\n\n<p>La reflexi\u00f3n la hizo el Jefe de Estado este lunes durante la emisi\u00f3n n\u00famero 41 del espacio televisivo semanal \u201cCon Maduro +\u201d.<\/p>\n\n\n\n<p><strong>Prensa Presidencial \/ Bianca Borrero<\/strong><\/p>\n","protected":false},"excerpt":{"rendered":"<p>Teatro Teresa Carre\u00f1o, Caracas.- \u201cNosotros somos una Revoluci\u00f3n que ha demostrado una gran capacidad de generar los cambios que la historia nos ha exigido en todas las etapas, ha sabido renovarse permanentemente\u201d, asever\u00f3 el presidente de la Rep\u00fablica Bolivariana de Venezuela, Nicol\u00e1s Maduro Moros. Al rememorar los hechos de abril del a\u00f1o 2002, el Jefe [&hellip;]<\/p>\n","protected":false},"author":4,"featured_media":9746,"comment_status":"open","ping_status":"open","sticky":false,"template":"","format":"standard","meta":{"footnotes":""},"categories":[18,7],"tags":[],"class_list":["post-9745","post","type-post","status-publish","format-standard","has-post-thumbnail","hentry","category-noticias-principales","category-notas-de-prensa"],"_links":{"self":[{"href":"https:\/\/prensapresidencialvenezuela.gob.ve\/index.php\/wp-json\/wp\/v2\/posts\/9745","targetHints":{"allow":["GET"]}}],"collection":[{"href":"https:\/\/prensapresidencialvenezuela.gob.ve\/index.php\/wp-json\/wp\/v2\/posts"}],"about":[{"href":"https:\/\/prensapresidencialvenezuela.gob.ve\/index.php\/wp-json\/wp\/v2\/types\/post"}],"author":[{"embeddable":true,"href":"https:\/\/prensapresidencialvenezuela.gob.ve\/index.php\/wp-json\/wp\/v2\/users\/4"}],"replies":[{"embeddable":true,"href":"https:\/\/prensapresidencialvenezuela.gob.ve\/index.php\/wp-json\/wp\/v2\/comments?post=9745"}],"version-history":[{"count":1,"href":"https:\/\/prensapresidencialvenezuela.gob.ve\/index.php\/wp-json\/wp\/v2\/posts\/9745\/revisions"}],"predecessor-version":[{"id":9747,"href":"https:\/\/prensapresidencialvenezuela.gob.ve\/index.php\/wp-json\/wp\/v2\/posts\/9745\/revisions\/9747"}],"wp:featuredmedia":[{"embeddable":true,"href":"https:\/\/prensapresidencialvenezuela.gob.ve\/index.php\/wp-json\/wp\/v2\/media\/9746"}],"wp:attachment":[{"href":"https:\/\/prensapresidencialvenezuela.gob.ve\/index.php\/wp-json\/wp\/v2\/media?parent=9745"}],"wp:term":[{"taxonomy":"category","embeddable":true,"href":"https:\/\/prensapresidencialvenezuela.gob.ve\/index.php\/wp-json\/wp\/v2\/categories?post=9745"},{"taxonomy":"post_tag","embeddable":true,"href":"https:\/\/prensapresidencialvenezuela.gob.ve\/index.php\/wp-json\/wp\/v2\/tags?post=9745"}],"curies":[{"name":"wp","href":"https:\/\/api.w.org\/{rel}","templated":true}]}}