{"id":9768,"date":"2024-04-15T11:03:29","date_gmt":"2024-04-15T15:03:29","guid":{"rendered":"http:\/\/172.27.0.121\/?p=9768"},"modified":"2024-04-16T11:10:13","modified_gmt":"2024-04-16T15:10:13","slug":"venezuela-ratifica-diplomacia-bolivariana-de-paz-frente-a-postura-guerrerista-de-guyana","status":"publish","type":"post","link":"https:\/\/prensapresidencialvenezuela.gob.ve\/index.php\/2024\/04\/15\/venezuela-ratifica-diplomacia-bolivariana-de-paz-frente-a-postura-guerrerista-de-guyana\/","title":{"rendered":"Venezuela ratifica Diplomacia Bolivariana de Paz frente a postura guerrerista de Guyana"},"content":{"rendered":"\n<p><strong>Teatro Teresa Carre\u00f1o, Caracas.-<\/strong> El presidente de la Rep\u00fablica Bolivariana de Venezuela, Nicol\u00e1s Maduro, ratific\u00f3 la Diplomacia Bolivariana de Paz, frente a la postura guerrerista del gobierno de la Rep\u00fablica Cooperativa de Guyana.<\/p>\n\n\n\n<p>\u201cNosotros tenemos una pol\u00edtica muy clara de Am\u00e9rica del Sur como territorio de paz y tenemos una pol\u00edtica muy clara de reclamo y de lucha, por los que son los <a><\/a>derechos hist\u00f3ricos de Venezuela y ellos \u2013Guyana- canten, pataleen o provoquen m\u00e1s temprano que tarde tendr\u00e1n que sentarse a ver el tema de la Guayana Esequiba\u201d, expres\u00f3 durante la emisi\u00f3n n\u00famero 41 de su programa semanal \u201cCon Maduro +\u201d.<\/p>\n\n\n\n<p>El Mandatario precis\u00f3 que el gobierno de Guyana responde a intereses del Comando Sur y la CIA de Estados Unidos (EE.UU.), al entregar concesiones a transnacionales como la ExxonMobil, para operar en territorio mar\u00edtimo por delimitar.<\/p>\n\n\n\n<p>\u201cEl gobierno de Guyana es un gobierno sometido a los intereses econ\u00f3micos y corruptos de la ExxonMobil; es un gobierno entregado totalmente a la conducci\u00f3n del Comando Sur y de la CIA\u201d, afirm\u00f3.<\/p>\n\n\n\n<p>En ese contexto, el presidente Maduro denunci\u00f3 la presencia de militares del Comando Sur en bases secretas de la CIA, dentro del territorio Esequibo, permitido por Guyana.<\/p>\n\n\n\n<p>\u201cEs un gobierno que va escalando hacia una postura de provocaci\u00f3n y hacia una postura guerrerista, el Gobierno de Guyana. Y todo eso lo est\u00e1 incubando qui\u00e9n; qui\u00e9n lo est\u00e1 incubando; \u00bfEl pueblo de Guyana? No, el pueblo de Guyana no quiere violencia, no quiere enfrentamiento con Venezuela, lo est\u00e1 incubando el Gobierno de Guyana\u201d, recalc\u00f3.<\/p>\n\n\n\n<p>El Jefe de Estado reiter\u00f3 la postura de paz de Venezuela, como una naci\u00f3n que se sostiene en los valores del Libertador, Sim\u00f3n Bol\u00edvar, y el respeto a la soberan\u00eda de cada pueblo.<\/p>\n\n\n\n<p><strong>Prensa Presidencial \/ Rosiris Ortega Ortiz<\/strong><\/p>\n","protected":false},"excerpt":{"rendered":"<p>Teatro Teresa Carre\u00f1o, Caracas.- El presidente de la Rep\u00fablica Bolivariana de Venezuela, Nicol\u00e1s Maduro, ratific\u00f3 la Diplomacia Bolivariana de Paz, frente a la postura guerrerista del gobierno de la Rep\u00fablica Cooperativa de Guyana. \u201cNosotros tenemos una pol\u00edtica muy clara de Am\u00e9rica del Sur como territorio de paz y tenemos una pol\u00edtica muy clara de reclamo [&hellip;]<\/p>\n","protected":false},"author":4,"featured_media":9770,"comment_status":"open","ping_status":"open","sticky":false,"template":"","format":"standard","meta":{"footnotes":""},"categories":[18,7],"tags":[],"class_list":["post-9768","post","type-post","status-publish","format-standard","has-post-thumbnail","hentry","category-noticias-principales","category-notas-de-prensa"],"_links":{"self":[{"href":"https:\/\/prensapresidencialvenezuela.gob.ve\/index.php\/wp-json\/wp\/v2\/posts\/9768","targetHints":{"allow":["GET"]}}],"collection":[{"href":"https:\/\/prensapresidencialvenezuela.gob.ve\/index.php\/wp-json\/wp\/v2\/posts"}],"about":[{"href":"https:\/\/prensapresidencialvenezuela.gob.ve\/index.php\/wp-json\/wp\/v2\/types\/post"}],"author":[{"embeddable":true,"href":"https:\/\/prensapresidencialvenezuela.gob.ve\/index.php\/wp-json\/wp\/v2\/users\/4"}],"replies":[{"embeddable":true,"href":"https:\/\/prensapresidencialvenezuela.gob.ve\/index.php\/wp-json\/wp\/v2\/comments?post=9768"}],"version-history":[{"count":1,"href":"https:\/\/prensapresidencialvenezuela.gob.ve\/index.php\/wp-json\/wp\/v2\/posts\/9768\/revisions"}],"predecessor-version":[{"id":9769,"href":"https:\/\/prensapresidencialvenezuela.gob.ve\/index.php\/wp-json\/wp\/v2\/posts\/9768\/revisions\/9769"}],"wp:featuredmedia":[{"embeddable":true,"href":"https:\/\/prensapresidencialvenezuela.gob.ve\/index.php\/wp-json\/wp\/v2\/media\/9770"}],"wp:attachment":[{"href":"https:\/\/prensapresidencialvenezuela.gob.ve\/index.php\/wp-json\/wp\/v2\/media?parent=9768"}],"wp:term":[{"taxonomy":"category","embeddable":true,"href":"https:\/\/prensapresidencialvenezuela.gob.ve\/index.php\/wp-json\/wp\/v2\/categories?post=9768"},{"taxonomy":"post_tag","embeddable":true,"href":"https:\/\/prensapresidencialvenezuela.gob.ve\/index.php\/wp-json\/wp\/v2\/tags?post=9768"}],"curies":[{"name":"wp","href":"https:\/\/api.w.org\/{rel}","templated":true}]}}