{"id":9773,"date":"2024-04-15T11:12:50","date_gmt":"2024-04-15T15:12:50","guid":{"rendered":"http:\/\/172.27.0.121\/?p=9773"},"modified":"2024-04-16T11:16:19","modified_gmt":"2024-04-16T15:16:19","slug":"poder-comunal-realizara-comicios-el-proximo-21-de-abril","status":"publish","type":"post","link":"https:\/\/prensapresidencialvenezuela.gob.ve\/index.php\/2024\/04\/15\/poder-comunal-realizara-comicios-el-proximo-21-de-abril\/","title":{"rendered":"Poder Comunal realizar\u00e1 comicios el pr\u00f3ximo 21 de abril"},"content":{"rendered":"\n<p><strong>Teatro Teresa Carre\u00f1o, Caracas.-<\/strong> Durante su programa televisivo \u201cCon Maduro +\u201d, el presidente de la Rep\u00fablica Bolivariana de Venezuela, Nicol\u00e1s Maduro, se reuni\u00f3 con representantes del Poder Popular para dar a conocer detalles de la consulta que se realizar\u00e1 desde las bases el pr\u00f3ximo 21 de abril en pro escoger la prioridad y ejecuci\u00f3n de sus proyectos.<\/p>\n\n\n\n<p>\u201cEl pueblo tiene el poder donde se desarrolla la democracia directa, <a><\/a>social, participativa que hay que expandir en cada momento, en cada actividad, el pr\u00f3ximo domingo 21 de abril hay elecciones all\u00ed en las bases, en tu barrio, en tu Consejo Comunal en tu circuito comunal\u201d.<\/p>\n\n\n\n<p>Al respecto la l\u00edder de comunidad, Ofelia Garc\u00eda, destac\u00f3 el impulso que contin\u00faa dando el Jefe de Estado a la labor de las comunidades.<\/p>\n\n\n\n<p>\u201cQue usted haya hecho ese llamado para nosotros es de una gran satisfacci\u00f3n, porque usted sigue profundizando, tratando de que seamos nosotros los protagonistas, los part\u00edcipes tal como lo establece nuestra constituci\u00f3n\u201d, dijo la l\u00edder comunitaria.<\/p>\n\n\n\n<p>Para desarrollar el proceso se cre\u00f3 una comisi\u00f3n a partir de vocer\u00edas, electas en los Consejos Comunales y las Comunas. Los voceros y voceras m\u00e1s votados fueron los elegidos para ser miembros de dicho grupo.<\/p>\n\n\n\n<p>En este marco, el Presidente destac\u00f3 que el poder pleno que ha asumido el pueblo ha derivado en experiencias exitosas como la \u201cconsulta para la decisi\u00f3n de proyectos en Miranda (\u2026) se ha dado en tres oportunidades, donde la comunidad debate proyectos, pariendo los recursos\u201d.<\/p>\n\n\n\n<p>Para la consulta resaltan los 4 mil 500 circuitos que est\u00e1n conformados por 4 mil 500 Comunas que decidir\u00e1n un proyecto con el voto popular.<\/p>\n\n\n\n<p>Asimismo, siete propuestas ser\u00e1n llevadas a la jornada en 13 mil 948 centros de votaci\u00f3n.<\/p>\n\n\n\n<p><strong>Proceso de votaci\u00f3n comunal<\/strong><\/p>\n\n\n\n<p>El sistema de la herradura se encontrar\u00e1 en todas las mesas electorales de cada centro de votaci\u00f3n, tal y como lo establece la Ley Org\u00e1nica de los Consejos Comunales, los vecinos a partir de los 15 a\u00f1os de edad pueden participar.<\/p>\n\n\n\n<p>As\u00ed como ocurre en otros procesos, el elector debe entregar su c\u00e9dula de identidad laminada al miembro de mesa, luego se registra y se certifican los datos.<\/p>\n\n\n\n<p>Posteriormente, el responsable de mesa le entrega la boleta electoral, se explica al votante que debe escoger un solo proyecto propuesto por la Comuna, coloca el n\u00famero del proyecto en la boleta y lo deposita en la urna.<\/p>\n\n\n\n<p>El Jefe de Estado afirm\u00f3 que quiere acentuar el car\u00e1cter protector del Gobierno Nacional, para continuar dignificando y mejorando la calidad de vida de las familias venezolanas.<\/p>\n\n\n\n<p>\u201cLos recursos que vayamos nosotros generando es para que esta democracia se perfeccione y esos recursos lleguen verdaderamente a los Consejos Comunales para proyectos directos de educaci\u00f3n, salud, agua servida, agua potable, vialidad, caminer\u00eda, cultura, hay muchas cosas que siempre hay que mejorar\u201d, expres\u00f3.<\/p>\n\n\n\n<p>Finalmente, el Dignatario puntualiz\u00f3 que espera profundizar la iniciativa de \u201caprobar proyectos en 4.500 circuitos comunales (\u2026) y la pr\u00e1ctica de la nueva etapa de las 7T de aqu\u00ed en adelante al 2030\u201d.<\/p>\n\n\n\n<p><strong>Prensa Presidencial \/ Mar\u00eda Mercedes Noguera<\/strong><\/p>\n","protected":false},"excerpt":{"rendered":"<p>Teatro Teresa Carre\u00f1o, Caracas.- Durante su programa televisivo \u201cCon Maduro +\u201d, el presidente de la Rep\u00fablica Bolivariana de Venezuela, Nicol\u00e1s Maduro, se reuni\u00f3 con representantes del Poder Popular para dar a conocer detalles de la consulta que se realizar\u00e1 desde las bases el pr\u00f3ximo 21 de abril en pro escoger la prioridad y ejecuci\u00f3n de [&hellip;]<\/p>\n","protected":false},"author":4,"featured_media":9774,"comment_status":"open","ping_status":"open","sticky":false,"template":"","format":"standard","meta":{"footnotes":""},"categories":[18,7],"tags":[],"class_list":["post-9773","post","type-post","status-publish","format-standard","has-post-thumbnail","hentry","category-noticias-principales","category-notas-de-prensa"],"_links":{"self":[{"href":"https:\/\/prensapresidencialvenezuela.gob.ve\/index.php\/wp-json\/wp\/v2\/posts\/9773","targetHints":{"allow":["GET"]}}],"collection":[{"href":"https:\/\/prensapresidencialvenezuela.gob.ve\/index.php\/wp-json\/wp\/v2\/posts"}],"about":[{"href":"https:\/\/prensapresidencialvenezuela.gob.ve\/index.php\/wp-json\/wp\/v2\/types\/post"}],"author":[{"embeddable":true,"href":"https:\/\/prensapresidencialvenezuela.gob.ve\/index.php\/wp-json\/wp\/v2\/users\/4"}],"replies":[{"embeddable":true,"href":"https:\/\/prensapresidencialvenezuela.gob.ve\/index.php\/wp-json\/wp\/v2\/comments?post=9773"}],"version-history":[{"count":1,"href":"https:\/\/prensapresidencialvenezuela.gob.ve\/index.php\/wp-json\/wp\/v2\/posts\/9773\/revisions"}],"predecessor-version":[{"id":9775,"href":"https:\/\/prensapresidencialvenezuela.gob.ve\/index.php\/wp-json\/wp\/v2\/posts\/9773\/revisions\/9775"}],"wp:featuredmedia":[{"embeddable":true,"href":"https:\/\/prensapresidencialvenezuela.gob.ve\/index.php\/wp-json\/wp\/v2\/media\/9774"}],"wp:attachment":[{"href":"https:\/\/prensapresidencialvenezuela.gob.ve\/index.php\/wp-json\/wp\/v2\/media?parent=9773"}],"wp:term":[{"taxonomy":"category","embeddable":true,"href":"https:\/\/prensapresidencialvenezuela.gob.ve\/index.php\/wp-json\/wp\/v2\/categories?post=9773"},{"taxonomy":"post_tag","embeddable":true,"href":"https:\/\/prensapresidencialvenezuela.gob.ve\/index.php\/wp-json\/wp\/v2\/tags?post=9773"}],"curies":[{"name":"wp","href":"https:\/\/api.w.org\/{rel}","templated":true}]}}