{"id":9780,"date":"2024-04-15T11:19:10","date_gmt":"2024-04-15T15:19:10","guid":{"rendered":"http:\/\/172.27.0.121\/?p=9780"},"modified":"2024-04-16T11:21:28","modified_gmt":"2024-04-16T15:21:28","slug":"presidente-expresa-respaldo-a-yulimar-rojas-ante-lesion-que-impide-su-participacion-en-paris-2024","status":"publish","type":"post","link":"https:\/\/prensapresidencialvenezuela.gob.ve\/index.php\/2024\/04\/15\/presidente-expresa-respaldo-a-yulimar-rojas-ante-lesion-que-impide-su-participacion-en-paris-2024\/","title":{"rendered":"Presidente expresa respaldo a Yulimar Rojas ante lesi\u00f3n que impide su participaci\u00f3n en Par\u00eds 2024"},"content":{"rendered":"\n<p><strong>Teatro Teresa Carre\u00f1o, Caracas.-<\/strong> El presidente de la Rep\u00fablica Bolivariana de Venezuela, Nicol\u00e1s Maduro, expres\u00f3 este lunes, su m\u00e1ximo respaldo a la atleta de talla mundial, Yulimar Rojas, quien sufri\u00f3 una lesi\u00f3n en el tend\u00f3n de Aquiles, que le impide participar en los Juegos Ol\u00edmpicos de Par\u00eds 2024.<\/p>\n\n\n\n<p>\u201cPaciencia, tranquilidad, en manos de Dios todo va a salir bien y m\u00e1s r\u00e1pido de lo <a><\/a>que t\u00fa crees, estar\u00e1s en las pistas otra vez para llenar de gloria el deporte mundial, porque ya no perteneces a Venezuela, t\u00fa perteneces al mundo, Yulimar\u201d, manifest\u00f3 el Jefe de Estado durante la emisi\u00f3n del programa n\u00famero 41 de \u201cCon Maduro +\u201d.<\/p>\n\n\n\n<p>Inform\u00f3 que convers\u00f3, v\u00eda telef\u00f3nica, con la estrella del atletismo mundial, de quien precis\u00f3 que se encuentra de buen \u00e1nimo. \u201cYo llam\u00e9 para darle \u00e1nimo y ella fue la que me dio \u00e1nimo a m\u00ed. Su sonrisa, su buen humor, su decisi\u00f3n y yo le dije, Yulimar, tienes todo mi apoyo, ten la seguridad de que tienes el amor y el apoyo de todo el pueblo\u201d, cont\u00f3.<\/p>\n\n\n\n<p>El Mandatario nacional tambi\u00e9n reiter\u00f3 su apoyo moral, pol\u00edtico, psicol\u00f3gico, deportivo y financiero al movimiento deportivo de Venezuela, y a los \u2013hasta ahora- 25 atletas que asistir\u00e1n a los JJ. OO..<\/p>\n\n\n\n<p>A los deportistas, los llam\u00f3 a defender el tricolor desde Par\u00eds.<\/p>\n\n\n\n<p>\u201cLlevamos 25 atletas ya clasificados para los Juegos Ol\u00edmpicos de Par\u00eds, y estoy seguro que ahora van a dar el doble para demostrarle -a Yulimar- que no est\u00e1 sola, que va a seguir adelante, que va a seguir con mucha fuerza el movimiento ol\u00edmpico\u201d.<\/p>\n\n\n\n<p>El pasado jueves 11 de abril, la reina del Triple Salto se someti\u00f3 a una cirug\u00eda luego de sufrir una lesi\u00f3n en el tend\u00f3n de Aquiles, oblig\u00e1ndola a anunciar que no podr\u00e1 participar en los Juegos Ol\u00edmpicos que se celebrar\u00e1n este a\u00f1o en Par\u00eds, desde el 26 de julio hasta el 11 de agosto.<\/p>\n\n\n\n<p><strong>Prensa Presidencial \/ Rosiris Ortega Ortiz<\/strong><\/p>\n","protected":false},"excerpt":{"rendered":"<p>Teatro Teresa Carre\u00f1o, Caracas.- El presidente de la Rep\u00fablica Bolivariana de Venezuela, Nicol\u00e1s Maduro, expres\u00f3 este lunes, su m\u00e1ximo respaldo a la atleta de talla mundial, Yulimar Rojas, quien sufri\u00f3 una lesi\u00f3n en el tend\u00f3n de Aquiles, que le impide participar en los Juegos Ol\u00edmpicos de Par\u00eds 2024. \u201cPaciencia, tranquilidad, en manos de Dios todo [&hellip;]<\/p>\n","protected":false},"author":4,"featured_media":9740,"comment_status":"open","ping_status":"open","sticky":false,"template":"","format":"standard","meta":{"footnotes":""},"categories":[18,7],"tags":[],"class_list":["post-9780","post","type-post","status-publish","format-standard","has-post-thumbnail","hentry","category-noticias-principales","category-notas-de-prensa"],"_links":{"self":[{"href":"https:\/\/prensapresidencialvenezuela.gob.ve\/index.php\/wp-json\/wp\/v2\/posts\/9780","targetHints":{"allow":["GET"]}}],"collection":[{"href":"https:\/\/prensapresidencialvenezuela.gob.ve\/index.php\/wp-json\/wp\/v2\/posts"}],"about":[{"href":"https:\/\/prensapresidencialvenezuela.gob.ve\/index.php\/wp-json\/wp\/v2\/types\/post"}],"author":[{"embeddable":true,"href":"https:\/\/prensapresidencialvenezuela.gob.ve\/index.php\/wp-json\/wp\/v2\/users\/4"}],"replies":[{"embeddable":true,"href":"https:\/\/prensapresidencialvenezuela.gob.ve\/index.php\/wp-json\/wp\/v2\/comments?post=9780"}],"version-history":[{"count":1,"href":"https:\/\/prensapresidencialvenezuela.gob.ve\/index.php\/wp-json\/wp\/v2\/posts\/9780\/revisions"}],"predecessor-version":[{"id":9781,"href":"https:\/\/prensapresidencialvenezuela.gob.ve\/index.php\/wp-json\/wp\/v2\/posts\/9780\/revisions\/9781"}],"wp:featuredmedia":[{"embeddable":true,"href":"https:\/\/prensapresidencialvenezuela.gob.ve\/index.php\/wp-json\/wp\/v2\/media\/9740"}],"wp:attachment":[{"href":"https:\/\/prensapresidencialvenezuela.gob.ve\/index.php\/wp-json\/wp\/v2\/media?parent=9780"}],"wp:term":[{"taxonomy":"category","embeddable":true,"href":"https:\/\/prensapresidencialvenezuela.gob.ve\/index.php\/wp-json\/wp\/v2\/categories?post=9780"},{"taxonomy":"post_tag","embeddable":true,"href":"https:\/\/prensapresidencialvenezuela.gob.ve\/index.php\/wp-json\/wp\/v2\/tags?post=9780"}],"curies":[{"name":"wp","href":"https:\/\/api.w.org\/{rel}","templated":true}]}}