{"id":9786,"date":"2024-04-16T13:59:49","date_gmt":"2024-04-16T17:59:49","guid":{"rendered":"http:\/\/172.27.0.121\/?p=9786"},"modified":"2024-04-16T14:01:21","modified_gmt":"2024-04-16T18:01:21","slug":"jefes-y-jefas-de-estado-de-la-celac-condenan-asalto-a-la-embajada-de-mexico-en-ecuador","status":"publish","type":"post","link":"https:\/\/prensapresidencialvenezuela.gob.ve\/index.php\/2024\/04\/16\/jefes-y-jefas-de-estado-de-la-celac-condenan-asalto-a-la-embajada-de-mexico-en-ecuador\/","title":{"rendered":"Jefes y jefas de Estado de la Celac condenan asalto a la embajada de M\u00e9xico en Ecuador"},"content":{"rendered":"\n<p><strong>Palacio de Miraflores, Caracas.-<\/strong> Los jefes y jefas de Estado que integran la Comunidad de Estados Latinoamericanos y Caribe\u00f1os (Celac), expresaron de manera conjunta su condena al asalto de Ecuador a la embajada de M\u00e9xico en Quito, el pasado 5 de abril, de 2024.<\/p>\n\n\n\n<p>En un comunicado le\u00eddo por la presidenta pro tempore del organismo regional y de Honduras, Xiomara Castro, se manifiesta la condena <a><\/a>en\u00e9rgica a la irrupci\u00f3n violenta de la fuerza de seguridad de Quito, en las instalaciones de la embajada de los Estados Unidos Mexicanos, en ese territorio, y el secuestro al exvicepresidente Jorge Glas.<\/p>\n\n\n\n<p>\u201cExpresamos nuestro rechazo a este tipo de actos inadmisibles desde todo punto de vista que vulnera la convivencia pac\u00edfica entre los Estados, y a su vez, son una clara manifestaci\u00f3n de barbarie que violenta elementales derechos humanos\u201d, indic\u00f3 Castro, al leer el texto del comunicado durante la cumbre virtual de jefes y jefas de Estado de la Celac.<\/p>\n\n\n\n<p>La Celac reiter\u00f3 el respeto a la convenci\u00f3n sobre lo suscrito en Caracas, en 1954 y dem\u00e1s instrumentos que protegen a la regi\u00f3n latinoamericana y caribe\u00f1a. Por ello, \u201cante cualquier intento de vulnerar y desconocer ese legado, constituye una violaci\u00f3n a la soberan\u00eda de Estado afiliante y sienta un precedente nefasto para la aplicaci\u00f3n del marco jur\u00eddico internacional\u201d.<\/p>\n\n\n\n<p>\u201cSe invita a la Rep\u00fablica de Ecuador a reconducir el procedimiento adecuado de las normas de asilo solicitado por el exvicepresidente Jorge Glas, otorgando el salvoconducto requerido para los Estados Unidos Mexicanos, de esa manera iniciar\u00eda la normalizaci\u00f3n de las relaciones entre ambos Estados\u201d, precisa el comunicado.<\/p>\n\n\n\n<p>Los Estados miembros reiteraron su compromiso de consolidar la comunidad de Am\u00e9rica Latina y el Caribe, como una zona de paz donde las naciones resuelven sus diferencias de manera pac\u00edfica y por la v\u00eda del di\u00e1logo, para que actos \u201cirracionales y salvajes\u201d no se repitan en la regi\u00f3n.<\/p>\n\n\n\n<p>\u201cLa comunidad de Estados Latinoamericanos y Caribe\u00f1os, expresa su preocupaci\u00f3n por el estado de salud actual del exvicepresidente Jorge Glas, y consideramos oportuno la conformaci\u00f3n de una comisi\u00f3n especial de pa\u00edses miembros para verificar si est\u00e1 recibiendo las intervenciones adecuadas de atenci\u00f3n m\u00e9dica\u201d, solicit\u00f3 el organismo regional.<\/p>\n\n\n\n<p>Este martes, los jefes y jefas de Estado, miembros de la Celac, se reunieron de manera virtual para debatir sobre la crisis entre M\u00e9xico y Ecuador, propiciada en Quito, tras el asalto a la embajada mexicana en ese territorio.<\/p>\n\n\n\n<p><strong>Prensa Presidencial \/ Rosiris Ortega Ortiz<\/strong><\/p>\n","protected":false},"excerpt":{"rendered":"<p>Palacio de Miraflores, Caracas.- Los jefes y jefas de Estado que integran la Comunidad de Estados Latinoamericanos y Caribe\u00f1os (Celac), expresaron de manera conjunta su condena al asalto de Ecuador a la embajada de M\u00e9xico en Quito, el pasado 5 de abril, de 2024. En un comunicado le\u00eddo por la presidenta pro tempore del organismo [&hellip;]<\/p>\n","protected":false},"author":4,"featured_media":9787,"comment_status":"open","ping_status":"open","sticky":false,"template":"","format":"standard","meta":{"footnotes":""},"categories":[18,7],"tags":[],"class_list":["post-9786","post","type-post","status-publish","format-standard","has-post-thumbnail","hentry","category-noticias-principales","category-notas-de-prensa"],"_links":{"self":[{"href":"https:\/\/prensapresidencialvenezuela.gob.ve\/index.php\/wp-json\/wp\/v2\/posts\/9786","targetHints":{"allow":["GET"]}}],"collection":[{"href":"https:\/\/prensapresidencialvenezuela.gob.ve\/index.php\/wp-json\/wp\/v2\/posts"}],"about":[{"href":"https:\/\/prensapresidencialvenezuela.gob.ve\/index.php\/wp-json\/wp\/v2\/types\/post"}],"author":[{"embeddable":true,"href":"https:\/\/prensapresidencialvenezuela.gob.ve\/index.php\/wp-json\/wp\/v2\/users\/4"}],"replies":[{"embeddable":true,"href":"https:\/\/prensapresidencialvenezuela.gob.ve\/index.php\/wp-json\/wp\/v2\/comments?post=9786"}],"version-history":[{"count":1,"href":"https:\/\/prensapresidencialvenezuela.gob.ve\/index.php\/wp-json\/wp\/v2\/posts\/9786\/revisions"}],"predecessor-version":[{"id":9789,"href":"https:\/\/prensapresidencialvenezuela.gob.ve\/index.php\/wp-json\/wp\/v2\/posts\/9786\/revisions\/9789"}],"wp:featuredmedia":[{"embeddable":true,"href":"https:\/\/prensapresidencialvenezuela.gob.ve\/index.php\/wp-json\/wp\/v2\/media\/9787"}],"wp:attachment":[{"href":"https:\/\/prensapresidencialvenezuela.gob.ve\/index.php\/wp-json\/wp\/v2\/media?parent=9786"}],"wp:term":[{"taxonomy":"category","embeddable":true,"href":"https:\/\/prensapresidencialvenezuela.gob.ve\/index.php\/wp-json\/wp\/v2\/categories?post=9786"},{"taxonomy":"post_tag","embeddable":true,"href":"https:\/\/prensapresidencialvenezuela.gob.ve\/index.php\/wp-json\/wp\/v2\/tags?post=9786"}],"curies":[{"name":"wp","href":"https:\/\/api.w.org\/{rel}","templated":true}]}}