{"id":9793,"date":"2024-04-16T14:11:42","date_gmt":"2024-04-16T18:11:42","guid":{"rendered":"http:\/\/172.27.0.121\/?p=9793"},"modified":"2024-04-16T14:11:42","modified_gmt":"2024-04-16T18:11:42","slug":"colombia-manifiesta-apoyo-a-denuncia-de-mexico-contra-ecuador-en-la-cij","status":"publish","type":"post","link":"https:\/\/prensapresidencialvenezuela.gob.ve\/index.php\/2024\/04\/16\/colombia-manifiesta-apoyo-a-denuncia-de-mexico-contra-ecuador-en-la-cij\/","title":{"rendered":"Colombia manifiesta apoyo a denuncia de M\u00e9xico contra Ecuador en la CIJ"},"content":{"rendered":"\n<p><strong>Palacio de Miraflores, Caracas.-<\/strong> El presidente de Colombia, Gustavo Petro, manifest\u00f3 este martes su apoyo al Gobierno de M\u00e9xico, en su denuncia contra Ecuador, ante la Corte Internacional de Justicia (CIJ), por el asalto a su embajada en Quito, el pasado 5 de abril de 2024.<\/p>\n\n\n\n<p>Durante la Cumbre Virtual Extraordinaria de jefes y jefas de Estado y de Gobierno de la Comunidad de Estados Latinoamericanos y <a><\/a>Caribe\u00f1os (Celac), el Mandatario colombiano calific\u00f3 como barbarie las actuaciones del Gobierno ecuatoriano, al secuestrar a su exvicepresidente Jorge Glas.<\/p>\n\n\n\n<p>\u201cLo que ha sucedido con Ecuador es parte de la barbarie, no se puede denominar de otra manera, comparativamente no es igual a lo que sucedi\u00f3 con la embajada de Ir\u00e1n, o a lo que est\u00e1 sucediendo con Gaza, o incluso como el Medio Oriente, se est\u00e1 precipitando a la guerra, a la confrontaci\u00f3n. No es comparable, pero tiene que ver con lo mismo, la barbarie\u201d, asever\u00f3 Petro.<\/p>\n\n\n\n<p>Expres\u00f3 que Ecuador no est\u00e1 dando ejemplo de convivencia en la Regi\u00f3n y se ha sumado a Israel, en la competencia por la barbarie.<\/p>\n\n\n\n<p>Gustavo Petro consider\u00f3 que el Gobierno ecuatoriano ha violado la Convenci\u00f3n de Am\u00e9rica, el derecho al asilo y al debido proceso, por lo que pidi\u00f3 a sus autoridades a recapacitar y no repetir jam\u00e1s un hecho donde se transgredan las reglas del Derecho Internacional y la paz.<\/p>\n\n\n\n<p>Ante ello, manifest\u00f3 que acompa\u00f1ar\u00e1 al Gobierno de M\u00e9xico en sus decisiones y solicit\u00f3 que se le reintegre al exvicepresidente ecuatoriano Jorge Glas, su derecho al asilo.<\/p>\n\n\n\n<p>\u201cEl se\u00f1or Glas deber\u00eda ser reintegrado a su derecho al asilo, en mi opini\u00f3n personal; y si el Gobierno de M\u00e9xico decide ir a la Corte Internacional de Justicia y a las Naciones Unidas los acompa\u00f1aremos\u201d, inform\u00f3.<\/p>\n\n\n\n<p>Este martes, los jefes y jefas de Estado miembros de la Celac, sostuvieron una reuni\u00f3n virtual extraordinaria para debatir y llegar a consensos sobre la crisis entre M\u00e9xico y Ecuador, tras el asalto a la embajada mexicana en Quito, donde fue secuestrado el exvicepresidente Jorge Glas.<\/p>\n\n\n\n<p>En el encuentro, Venezuela y diversos pa\u00edses de la regi\u00f3n latinoamericana y caribe\u00f1a, manifestaron su apoyo al Gobierno de M\u00e9xico, y solicitaron a Ecuador, su pronunciamiento de no volver a cometer un acto que viole el Derecho Internacional.<\/p>\n\n\n\n<p><strong>Prensa Presidencial \/ Rosiris Ortega Ortiz<\/strong><\/p>\n","protected":false},"excerpt":{"rendered":"<p>Palacio de Miraflores, Caracas.- El presidente de Colombia, Gustavo Petro, manifest\u00f3 este martes su apoyo al Gobierno de M\u00e9xico, en su denuncia contra Ecuador, ante la Corte Internacional de Justicia (CIJ), por el asalto a su embajada en Quito, el pasado 5 de abril de 2024. Durante la Cumbre Virtual Extraordinaria de jefes y jefas [&hellip;]<\/p>\n","protected":false},"author":4,"featured_media":9794,"comment_status":"open","ping_status":"open","sticky":false,"template":"","format":"standard","meta":{"footnotes":""},"categories":[18,7],"tags":[],"class_list":["post-9793","post","type-post","status-publish","format-standard","has-post-thumbnail","hentry","category-noticias-principales","category-notas-de-prensa"],"_links":{"self":[{"href":"https:\/\/prensapresidencialvenezuela.gob.ve\/index.php\/wp-json\/wp\/v2\/posts\/9793","targetHints":{"allow":["GET"]}}],"collection":[{"href":"https:\/\/prensapresidencialvenezuela.gob.ve\/index.php\/wp-json\/wp\/v2\/posts"}],"about":[{"href":"https:\/\/prensapresidencialvenezuela.gob.ve\/index.php\/wp-json\/wp\/v2\/types\/post"}],"author":[{"embeddable":true,"href":"https:\/\/prensapresidencialvenezuela.gob.ve\/index.php\/wp-json\/wp\/v2\/users\/4"}],"replies":[{"embeddable":true,"href":"https:\/\/prensapresidencialvenezuela.gob.ve\/index.php\/wp-json\/wp\/v2\/comments?post=9793"}],"version-history":[{"count":1,"href":"https:\/\/prensapresidencialvenezuela.gob.ve\/index.php\/wp-json\/wp\/v2\/posts\/9793\/revisions"}],"predecessor-version":[{"id":9795,"href":"https:\/\/prensapresidencialvenezuela.gob.ve\/index.php\/wp-json\/wp\/v2\/posts\/9793\/revisions\/9795"}],"wp:featuredmedia":[{"embeddable":true,"href":"https:\/\/prensapresidencialvenezuela.gob.ve\/index.php\/wp-json\/wp\/v2\/media\/9794"}],"wp:attachment":[{"href":"https:\/\/prensapresidencialvenezuela.gob.ve\/index.php\/wp-json\/wp\/v2\/media?parent=9793"}],"wp:term":[{"taxonomy":"category","embeddable":true,"href":"https:\/\/prensapresidencialvenezuela.gob.ve\/index.php\/wp-json\/wp\/v2\/categories?post=9793"},{"taxonomy":"post_tag","embeddable":true,"href":"https:\/\/prensapresidencialvenezuela.gob.ve\/index.php\/wp-json\/wp\/v2\/tags?post=9793"}],"curies":[{"name":"wp","href":"https:\/\/api.w.org\/{rel}","templated":true}]}}