{"id":9796,"date":"2024-04-16T14:21:58","date_gmt":"2024-04-16T18:21:58","guid":{"rendered":"http:\/\/172.27.0.121\/?p=9796"},"modified":"2024-04-16T14:21:58","modified_gmt":"2024-04-16T18:21:58","slug":"ralph-gonsalves-las-acciones-de-ecuador-son-ilegales-y-violan-el-derecho-internacional","status":"publish","type":"post","link":"https:\/\/prensapresidencialvenezuela.gob.ve\/index.php\/2024\/04\/16\/ralph-gonsalves-las-acciones-de-ecuador-son-ilegales-y-violan-el-derecho-internacional\/","title":{"rendered":"Ralph Gonsalves: Las acciones de Ecuador son ilegales y violan el Derecho Internacional"},"content":{"rendered":"\n<p><strong>Palacio de Miraflores, Caracas.-<\/strong> Al repudiar el asalto a la Embajada de M\u00e9xico en Quito, el primer ministro de San Vicente y las Granadinas, Ralph Gonsalves, calific\u00f3 como ilegales las acciones del gobierno ecuatoriano \u201clas cuales violan el Derecho Internacional\u201d.<\/p>\n\n\n\n<p>Durante su intervenci\u00f3n en la Cumbre Extraordinaria Virtual de Jefas y Jefes de Estado y Gobierno de la Comunidad de Estados <a><\/a>Latinoamericanos y Caribe\u00f1os (Celac), Gonsalves expres\u00f3 que Ecuador actu\u00f3 de manera \u201cinequ\u00edvoca\u201d, al tiempo que asegur\u00f3 que se ha violentado la ley \u201cen relaci\u00f3n a la inviabilidad de los espacios diplom\u00e1ticos y es necesario tomar acciones correctivas\u201d.<\/p>\n\n\n\n<p>En este sentido, indic\u00f3 que San Vicente y las Granadinas apoya las medidas pac\u00edficas tomadas por M\u00e9xico, para hacer valer sus derechos ante cualquier organizaci\u00f3n internacional.<\/p>\n\n\n\n<p>\u201cNo podemos permitir esta ilegalidad, pido a mis hermanos y hermanas en Ecuador hacer lo correcto ante este acto incorrecto\u201d, insisti\u00f3.<\/p>\n\n\n\n<p>Sentenci\u00f3 que, si el gobierno ecuatoriano liderado por Daniel Noboa, contin\u00faa violando las leyes internacionales \u201chabr\u00e1 respuestas de los Gobiernos a lo largo del mundo ante el irrespeto de las leyes\u201d.<\/p>\n\n\n\n<p>De igual forma, aplaudi\u00f3 la iniciativa del gobierno hondure\u00f1o al convocar la Cumbre Extraordinaria Virtual, ante las acciones inesperadas por parte de Ecuador, as\u00ed como tambi\u00e9n rechaz\u00f3 el lenguaje injustificado ante el mundo.<\/p>\n\n\n\n<p><strong>Prensa Presidencial \/ Joelin Jim\u00e9nez<\/strong><\/p>\n","protected":false},"excerpt":{"rendered":"<p>Palacio de Miraflores, Caracas.- Al repudiar el asalto a la Embajada de M\u00e9xico en Quito, el primer ministro de San Vicente y las Granadinas, Ralph Gonsalves, calific\u00f3 como ilegales las acciones del gobierno ecuatoriano \u201clas cuales violan el Derecho Internacional\u201d. Durante su intervenci\u00f3n en la Cumbre Extraordinaria Virtual de Jefas y Jefes de Estado y [&hellip;]<\/p>\n","protected":false},"author":4,"featured_media":9797,"comment_status":"open","ping_status":"open","sticky":false,"template":"","format":"standard","meta":{"footnotes":""},"categories":[18,7],"tags":[],"class_list":["post-9796","post","type-post","status-publish","format-standard","has-post-thumbnail","hentry","category-noticias-principales","category-notas-de-prensa"],"_links":{"self":[{"href":"https:\/\/prensapresidencialvenezuela.gob.ve\/index.php\/wp-json\/wp\/v2\/posts\/9796","targetHints":{"allow":["GET"]}}],"collection":[{"href":"https:\/\/prensapresidencialvenezuela.gob.ve\/index.php\/wp-json\/wp\/v2\/posts"}],"about":[{"href":"https:\/\/prensapresidencialvenezuela.gob.ve\/index.php\/wp-json\/wp\/v2\/types\/post"}],"author":[{"embeddable":true,"href":"https:\/\/prensapresidencialvenezuela.gob.ve\/index.php\/wp-json\/wp\/v2\/users\/4"}],"replies":[{"embeddable":true,"href":"https:\/\/prensapresidencialvenezuela.gob.ve\/index.php\/wp-json\/wp\/v2\/comments?post=9796"}],"version-history":[{"count":1,"href":"https:\/\/prensapresidencialvenezuela.gob.ve\/index.php\/wp-json\/wp\/v2\/posts\/9796\/revisions"}],"predecessor-version":[{"id":9798,"href":"https:\/\/prensapresidencialvenezuela.gob.ve\/index.php\/wp-json\/wp\/v2\/posts\/9796\/revisions\/9798"}],"wp:featuredmedia":[{"embeddable":true,"href":"https:\/\/prensapresidencialvenezuela.gob.ve\/index.php\/wp-json\/wp\/v2\/media\/9797"}],"wp:attachment":[{"href":"https:\/\/prensapresidencialvenezuela.gob.ve\/index.php\/wp-json\/wp\/v2\/media?parent=9796"}],"wp:term":[{"taxonomy":"category","embeddable":true,"href":"https:\/\/prensapresidencialvenezuela.gob.ve\/index.php\/wp-json\/wp\/v2\/categories?post=9796"},{"taxonomy":"post_tag","embeddable":true,"href":"https:\/\/prensapresidencialvenezuela.gob.ve\/index.php\/wp-json\/wp\/v2\/tags?post=9796"}],"curies":[{"name":"wp","href":"https:\/\/api.w.org\/{rel}","templated":true}]}}