{"id":9815,"date":"2024-03-02T17:24:00","date_gmt":"2024-03-02T21:24:00","guid":{"rendered":"http:\/\/172.27.0.121\/?p=9815"},"modified":"2024-04-16T17:25:52","modified_gmt":"2024-04-16T21:25:52","slug":"gas-un-elemento-clave-para-la-transicion-energetica","status":"publish","type":"post","link":"https:\/\/prensapresidencialvenezuela.gob.ve\/index.php\/2024\/03\/02\/gas-un-elemento-clave-para-la-transicion-energetica\/","title":{"rendered":"Gas, un elemento clave para la transici\u00f3n energ\u00e9tica"},"content":{"rendered":"\n<p><strong>Argel, Argelia.- <\/strong>En medio de la urgente necesidad de reducir las emisiones de gases de efecto invernadero y frenar el cambio clim\u00e1tico, el gas se posiciona como un elemento fundamental en la transici\u00f3n hacia un sistema energ\u00e9tico m\u00e1s inclusivo y sostenible.<\/p>\n\n\n\n<p>Definido como una fuente de energ\u00eda eficiente y vers\u00e1til con m\u00faltiples aplicaciones que van desde la generaci\u00f3n el\u00e9ctrica hasta el transporte o la calefacci\u00f3n, su combusti\u00f3n produce menor impacto ambiental en comparaci\u00f3n con combustibles f\u00f3siles tradicionales como el carb\u00f3n o el petr\u00f3leo.<\/p>\n\n\n\n<p>Las estimaciones refieren un rango de 15% a 20% en la disminuci\u00f3n de emisiones de di\u00f3xido de carbono (CO2), cuya concentraci\u00f3n en la atm\u00f3sfera alcanza -actualmente- cerca de 415 partes por mill\u00f3n.<\/p>\n\n\n\n<p>Adem\u00e1s, el gas natural se perfila como una fuente potencial para el desarrollo sostenible en el contexto del progreso econ\u00f3mico, social y ambiental al ser una industria de car\u00e1cter estrat\u00e9gico, generadora de valor e ingresos necesarios para la inversi\u00f3n en proyectos p\u00fablicos y la mejora de la calidad de vida de la poblaci\u00f3n.<\/p>\n\n\n\n<p>Tales caracter\u00edsticas sit\u00faan al gas como una opci\u00f3n m\u00e1s limpia, as\u00ed como en una de las piezas claves en la lucha contra el calentamiento global.<\/p>\n\n\n\n<p>En este sentido, el Foro de Pa\u00edses Exportadores de Gas (GECF, por sus siglas en ingl\u00e9s) ejerce un rol protag\u00f3nico en la consolidaci\u00f3n del gas natural como una fuente energ\u00e9tica primaria en la transici\u00f3n hacia un sistema m\u00e1s respetuoso con el medio ambiente.<\/p>\n\n\n\n<p>Integrado por 12 miembros y siete observadores de cuatro continentes, dirige sus esfuerzos al impulso de la cooperaci\u00f3n y el desarrollo de la industria gas\u00edfera a escala mundial, trazando mecanismos que deriven en avances tecnol\u00f3gicos modernos para el sector del gas natural.<\/p>\n\n\n\n<p>A trav\u00e9s de iniciativas relacionadas con la promoci\u00f3n de la seguridad energ\u00e9tica, la estabilidad de los precios y la sostenibilidad ambiental, el GECF trabaja para dar forma al futuro energ\u00e9tico como un defensor global del gas natural, fomentando el di\u00e1logo para apoyar los derechos soberanos de las naciones sobre sus recursos.<\/p>\n\n\n\n<p>Sus reservas conjuntas superan el 69%, mientras que su presencia en el mercado alcanza el 40% a escala mundial, de acuerdo con datos disponibles en el portal digital http:\/\/www.gecf.org.<\/p>\n\n\n\n<p>En tanto, proyecciones para el mercado internacional hasta 2050 se\u00f1alan que el comercio mundial de gas natural aumentar\u00e1 36%, impulsado principalmente por el gas natural licuado (GNL).<\/p>\n\n\n\n<p>El consumo de gas est\u00e1 en alza y existen consensos sobre la necesidad de diversificar las fuentes de suministro ante las dificultades actuales en materia energ\u00e9tica.<\/p>\n\n\n\n<p>Bajo este complejo escenario, sesiona la VII Cumbre de Jefes de Estado y de Gobierno del GECF, que se realiza el 2 de marzo en el Centro Internacional de Conferencias \u00abAbdullatif Rahal\u00bb, ubicado en Argel.<\/p>\n\n\n\n<p>En esta ocasi\u00f3n, el debate girar\u00e1 en torno a los desaf\u00edos tecnol\u00f3gicos, el fomento de la inversi\u00f3n en exploraci\u00f3n y el desarrollo de yacimientos de gas natural a partir del fortalecimiento de asociaciones mutuamente beneficiosas entre los pa\u00edses productores y consumidores en condiciones de igualdad.<\/p>\n\n\n\n<p><strong>Prensa Presidencial \/ Karelis Gonz\u00e1lez<\/strong><\/p>\n","protected":false},"excerpt":{"rendered":"<p>Argel, Argelia.- En medio de la urgente necesidad de reducir las emisiones de gases de efecto invernadero y frenar el cambio clim\u00e1tico, el gas se posiciona como un elemento fundamental en la transici\u00f3n hacia un sistema energ\u00e9tico m\u00e1s inclusivo y sostenible. Definido como una fuente de energ\u00eda eficiente y vers\u00e1til con m\u00faltiples aplicaciones que van [&hellip;]<\/p>\n","protected":false},"author":4,"featured_media":9816,"comment_status":"open","ping_status":"open","sticky":false,"template":"","format":"standard","meta":{"footnotes":""},"categories":[18,7],"tags":[],"class_list":["post-9815","post","type-post","status-publish","format-standard","has-post-thumbnail","hentry","category-noticias-principales","category-notas-de-prensa"],"_links":{"self":[{"href":"https:\/\/prensapresidencialvenezuela.gob.ve\/index.php\/wp-json\/wp\/v2\/posts\/9815","targetHints":{"allow":["GET"]}}],"collection":[{"href":"https:\/\/prensapresidencialvenezuela.gob.ve\/index.php\/wp-json\/wp\/v2\/posts"}],"about":[{"href":"https:\/\/prensapresidencialvenezuela.gob.ve\/index.php\/wp-json\/wp\/v2\/types\/post"}],"author":[{"embeddable":true,"href":"https:\/\/prensapresidencialvenezuela.gob.ve\/index.php\/wp-json\/wp\/v2\/users\/4"}],"replies":[{"embeddable":true,"href":"https:\/\/prensapresidencialvenezuela.gob.ve\/index.php\/wp-json\/wp\/v2\/comments?post=9815"}],"version-history":[{"count":1,"href":"https:\/\/prensapresidencialvenezuela.gob.ve\/index.php\/wp-json\/wp\/v2\/posts\/9815\/revisions"}],"predecessor-version":[{"id":9818,"href":"https:\/\/prensapresidencialvenezuela.gob.ve\/index.php\/wp-json\/wp\/v2\/posts\/9815\/revisions\/9818"}],"wp:featuredmedia":[{"embeddable":true,"href":"https:\/\/prensapresidencialvenezuela.gob.ve\/index.php\/wp-json\/wp\/v2\/media\/9816"}],"wp:attachment":[{"href":"https:\/\/prensapresidencialvenezuela.gob.ve\/index.php\/wp-json\/wp\/v2\/media?parent=9815"}],"wp:term":[{"taxonomy":"category","embeddable":true,"href":"https:\/\/prensapresidencialvenezuela.gob.ve\/index.php\/wp-json\/wp\/v2\/categories?post=9815"},{"taxonomy":"post_tag","embeddable":true,"href":"https:\/\/prensapresidencialvenezuela.gob.ve\/index.php\/wp-json\/wp\/v2\/tags?post=9815"}],"curies":[{"name":"wp","href":"https:\/\/api.w.org\/{rel}","templated":true}]}}