{"id":9829,"date":"2024-03-02T17:48:00","date_gmt":"2024-03-02T21:48:00","guid":{"rendered":"http:\/\/172.27.0.121\/?p=9829"},"modified":"2024-04-16T17:49:59","modified_gmt":"2024-04-16T21:49:59","slug":"fpeg-se-planta-en-defensa-de-los-intereses-de-paises-productores-y-consumidores-de-gas","status":"publish","type":"post","link":"https:\/\/prensapresidencialvenezuela.gob.ve\/index.php\/2024\/03\/02\/fpeg-se-planta-en-defensa-de-los-intereses-de-paises-productores-y-consumidores-de-gas\/","title":{"rendered":"FPEG se planta en defensa de los intereses de pa\u00edses productores y consumidores de gas"},"content":{"rendered":"\n<p><strong>Argel, Argelia.-<\/strong> Apegados al principio de cooperaci\u00f3n, el Foro de Pa\u00edses Exportadores de Gas (FPEG) afianza su compromiso en defensa de los intereses de pa\u00edses productores y consumidores en igualdad de condiciones.<br>La afirmaci\u00f3n corresponde al presidente de la Rep\u00fablica Argelina Democr\u00e1tica y Popular, Abdelmadjid Tebboune, quien enfatiz\u00f3 la voluntad de profundizar \u201cel rol de nuestra organizaci\u00f3n en el desarrollo del gas como energ\u00eda sostenible\u201d a trav\u00e9s de mecanismos que permitan \u201cresponder a las necesidades mundiales en materia de consumo de gas\u201d.<\/p>\n\n\n\n<p>En este sentido, se\u00f1al\u00f3 la oportunidad que se abre para ampliar la colaboraci\u00f3n entre pa\u00edses miembros y observadores, priorizando el di\u00e1logo como v\u00eda para determinar las pr\u00f3ximas acciones orientadas a consolidar el gas como energ\u00eda de transici\u00f3n.<\/p>\n\n\n\n<p>\u201cEs una ocasi\u00f3n para profundizar nuestra cooperaci\u00f3n y para crear un di\u00e1logo estrat\u00e9gico entre todos los pa\u00edses para determinar nuestra l\u00ednea futura para el uso del gas como energ\u00eda renovable\u201d, recalc\u00f3 desde el Centro Internacional de Conferencias \u201cAbdullatif Rahal\u201d.<\/p>\n\n\n\n<p>En su condici\u00f3n de anfitri\u00f3n de la VII Cumbre de Jefes de Estado y de Gobierno, subray\u00f3 que coinciden en la necesidad de \u201creforzar nuestras posiciones en el mercado mundial de gas\u201d.<\/p>\n\n\n\n<p>Particularmente, apunt\u00f3 que Argelia tributar\u00e1 a fomentar \u201clas negociaciones entre pa\u00edses vendedores y consumidores de gas\u201d.<\/p>\n\n\n\n<p>\u201cArgelia es una fuente sostenible y respetuosa del medio ambiente, queremos usar el gas como energ\u00eda limpia y estamos desarrollando nuestra energ\u00eda en la industria del gas\u201d, agreg\u00f3, al tiempo que indic\u00f3 que los desaf\u00edos actuales requieren de una cooperaci\u00f3n con perspectiva multipolar para materializar los objetivos trazados desde la fundaci\u00f3n del Foro de Pa\u00edses Exportadores de Gas.<\/p>\n\n\n\n<p><strong>Prensa Presidencial \/ Karelis Gonz\u00e1lez<\/strong><\/p>\n","protected":false},"excerpt":{"rendered":"<p>Argel, Argelia.- Apegados al principio de cooperaci\u00f3n, el Foro de Pa\u00edses Exportadores de Gas (FPEG) afianza su compromiso en defensa de los intereses de pa\u00edses productores y consumidores en igualdad de condiciones.La afirmaci\u00f3n corresponde al presidente de la Rep\u00fablica Argelina Democr\u00e1tica y Popular, Abdelmadjid Tebboune, quien enfatiz\u00f3 la voluntad de profundizar \u201cel rol de nuestra [&hellip;]<\/p>\n","protected":false},"author":4,"featured_media":9830,"comment_status":"open","ping_status":"open","sticky":false,"template":"","format":"standard","meta":{"footnotes":""},"categories":[18,7],"tags":[],"class_list":["post-9829","post","type-post","status-publish","format-standard","has-post-thumbnail","hentry","category-noticias-principales","category-notas-de-prensa"],"_links":{"self":[{"href":"https:\/\/prensapresidencialvenezuela.gob.ve\/index.php\/wp-json\/wp\/v2\/posts\/9829","targetHints":{"allow":["GET"]}}],"collection":[{"href":"https:\/\/prensapresidencialvenezuela.gob.ve\/index.php\/wp-json\/wp\/v2\/posts"}],"about":[{"href":"https:\/\/prensapresidencialvenezuela.gob.ve\/index.php\/wp-json\/wp\/v2\/types\/post"}],"author":[{"embeddable":true,"href":"https:\/\/prensapresidencialvenezuela.gob.ve\/index.php\/wp-json\/wp\/v2\/users\/4"}],"replies":[{"embeddable":true,"href":"https:\/\/prensapresidencialvenezuela.gob.ve\/index.php\/wp-json\/wp\/v2\/comments?post=9829"}],"version-history":[{"count":1,"href":"https:\/\/prensapresidencialvenezuela.gob.ve\/index.php\/wp-json\/wp\/v2\/posts\/9829\/revisions"}],"predecessor-version":[{"id":9831,"href":"https:\/\/prensapresidencialvenezuela.gob.ve\/index.php\/wp-json\/wp\/v2\/posts\/9829\/revisions\/9831"}],"wp:featuredmedia":[{"embeddable":true,"href":"https:\/\/prensapresidencialvenezuela.gob.ve\/index.php\/wp-json\/wp\/v2\/media\/9830"}],"wp:attachment":[{"href":"https:\/\/prensapresidencialvenezuela.gob.ve\/index.php\/wp-json\/wp\/v2\/media?parent=9829"}],"wp:term":[{"taxonomy":"category","embeddable":true,"href":"https:\/\/prensapresidencialvenezuela.gob.ve\/index.php\/wp-json\/wp\/v2\/categories?post=9829"},{"taxonomy":"post_tag","embeddable":true,"href":"https:\/\/prensapresidencialvenezuela.gob.ve\/index.php\/wp-json\/wp\/v2\/tags?post=9829"}],"curies":[{"name":"wp","href":"https:\/\/api.w.org\/{rel}","templated":true}]}}