{"id":9835,"date":"2024-03-02T17:51:00","date_gmt":"2024-03-02T21:51:00","guid":{"rendered":"http:\/\/172.27.0.121\/?p=9835"},"modified":"2024-04-16T17:52:23","modified_gmt":"2024-04-16T21:52:23","slug":"fpeg-esta-llamado-a-consolidarse-como-actor-influyente-en-el-mercado-energetico","status":"publish","type":"post","link":"https:\/\/prensapresidencialvenezuela.gob.ve\/index.php\/2024\/03\/02\/fpeg-esta-llamado-a-consolidarse-como-actor-influyente-en-el-mercado-energetico\/","title":{"rendered":"FPEG est\u00e1 llamado a consolidarse como actor influyente en el mercado energ\u00e9tico"},"content":{"rendered":"\n<p><strong>Argel, Argelia.- <\/strong>Desde la VII Cumbre de Jefes de Estado y de Gobierno del Foro de Pa\u00edses Exportadores de Gas (FPEG), Venezuela abog\u00f3 por la consolidaci\u00f3n del organismo intergubernamental como un actor influyente en la valoraci\u00f3n del gas en el mercado energ\u00e9tico internacional.<\/p>\n\n\n\n<p>\u201cDesde Venezuela promovemos la voluntad pol\u00edtica de los miembros del Foro para convertirnos en una organizaci\u00f3n internacional con mayor influencia en el balance y la valoraci\u00f3n del gas a nivel del mercado energ\u00e9tico\u201d, puntualiz\u00f3 el ministro del Poder Popular para el Petr\u00f3leo, Pedro Rafael Tellechea.<\/p>\n\n\n\n<p>Enfatiz\u00f3 que el FPEG representa el 70% de las reservas probadas de gas y el 40% de la exportaci\u00f3n a escala internacional, cualidades favorables para posicionarse como un agente interlocutor de relevancia para el sector energ\u00e9tico.<\/p>\n\n\n\n<p>Sobre los desaf\u00edos actuales para pa\u00edses productores y consumidores de gas, Tellechea explic\u00f3 que los mercados energ\u00e9ticos atraviesan una situaci\u00f3n compleja, producto de la imposici\u00f3n de medidas coercitivas unilaterales a exportadores de energ\u00eda.<\/p>\n\n\n\n<p>En este sentido, se\u00f1al\u00f3 la necesidad de trabajar unidos, \u201capalancando nuestra organizaci\u00f3n como la construcci\u00f3n de un consenso y cooperaci\u00f3n entre pa\u00edses miembros\u201d.<\/p>\n\n\n\n<p><strong>Declaraci\u00f3n de Argel, base de la cooperaci\u00f3n<\/strong><\/p>\n\n\n\n<p>En representaci\u00f3n del Gobierno Nacional, el titular de Petr\u00f3leo destac\u00f3 la unidad de los integrantes del FPEG para la adopci\u00f3n de la Declaraci\u00f3n de Argel, instrumento que sentar\u00e1 \u201clas bases s\u00f3lidas para nuestra asociaci\u00f3n a corto, mediano y largo plazo\u201d.<\/p>\n\n\n\n<p>Tellechea salud\u00f3 la incorporaci\u00f3n de Mozambique, Senegal y Mauritania como miembros plenos del Foro de Pa\u00edses Exportadores de Gas.<\/p>\n\n\n\n<p><strong>Prensa Presidencial \/ Karelis Gonz\u00e1lez<\/strong><\/p>\n","protected":false},"excerpt":{"rendered":"<p>Argel, Argelia.- Desde la VII Cumbre de Jefes de Estado y de Gobierno del Foro de Pa\u00edses Exportadores de Gas (FPEG), Venezuela abog\u00f3 por la consolidaci\u00f3n del organismo intergubernamental como un actor influyente en la valoraci\u00f3n del gas en el mercado energ\u00e9tico internacional. \u201cDesde Venezuela promovemos la voluntad pol\u00edtica de los miembros del Foro para [&hellip;]<\/p>\n","protected":false},"author":4,"featured_media":9836,"comment_status":"open","ping_status":"open","sticky":false,"template":"","format":"standard","meta":{"footnotes":""},"categories":[18,7],"tags":[],"class_list":["post-9835","post","type-post","status-publish","format-standard","has-post-thumbnail","hentry","category-noticias-principales","category-notas-de-prensa"],"_links":{"self":[{"href":"https:\/\/prensapresidencialvenezuela.gob.ve\/index.php\/wp-json\/wp\/v2\/posts\/9835","targetHints":{"allow":["GET"]}}],"collection":[{"href":"https:\/\/prensapresidencialvenezuela.gob.ve\/index.php\/wp-json\/wp\/v2\/posts"}],"about":[{"href":"https:\/\/prensapresidencialvenezuela.gob.ve\/index.php\/wp-json\/wp\/v2\/types\/post"}],"author":[{"embeddable":true,"href":"https:\/\/prensapresidencialvenezuela.gob.ve\/index.php\/wp-json\/wp\/v2\/users\/4"}],"replies":[{"embeddable":true,"href":"https:\/\/prensapresidencialvenezuela.gob.ve\/index.php\/wp-json\/wp\/v2\/comments?post=9835"}],"version-history":[{"count":1,"href":"https:\/\/prensapresidencialvenezuela.gob.ve\/index.php\/wp-json\/wp\/v2\/posts\/9835\/revisions"}],"predecessor-version":[{"id":9837,"href":"https:\/\/prensapresidencialvenezuela.gob.ve\/index.php\/wp-json\/wp\/v2\/posts\/9835\/revisions\/9837"}],"wp:featuredmedia":[{"embeddable":true,"href":"https:\/\/prensapresidencialvenezuela.gob.ve\/index.php\/wp-json\/wp\/v2\/media\/9836"}],"wp:attachment":[{"href":"https:\/\/prensapresidencialvenezuela.gob.ve\/index.php\/wp-json\/wp\/v2\/media?parent=9835"}],"wp:term":[{"taxonomy":"category","embeddable":true,"href":"https:\/\/prensapresidencialvenezuela.gob.ve\/index.php\/wp-json\/wp\/v2\/categories?post=9835"},{"taxonomy":"post_tag","embeddable":true,"href":"https:\/\/prensapresidencialvenezuela.gob.ve\/index.php\/wp-json\/wp\/v2\/tags?post=9835"}],"curies":[{"name":"wp","href":"https:\/\/api.w.org\/{rel}","templated":true}]}}