{"id":9841,"date":"2024-03-02T17:56:00","date_gmt":"2024-03-02T21:56:00","guid":{"rendered":"http:\/\/172.27.0.121\/?p=9841"},"modified":"2024-04-16T17:57:11","modified_gmt":"2024-04-16T21:57:11","slug":"mediatica-posiciona-al-fpeg-como-punta-de-lanza-del-desarrollo-gasifero","status":"publish","type":"post","link":"https:\/\/prensapresidencialvenezuela.gob.ve\/index.php\/2024\/03\/02\/mediatica-posiciona-al-fpeg-como-punta-de-lanza-del-desarrollo-gasifero\/","title":{"rendered":"Medi\u00e1tica posiciona al FPEG como punta de lanza del desarrollo gas\u00edfero"},"content":{"rendered":"\n<p><strong>Argel, Argelia.- <\/strong>Del 29 de febrero al 2 de marzo, el Centro Internacional de Conferencias \u00abAbdullatif Rahal\u00bb ubicado en la costa occidental de Argel, se convirti\u00f3 en el epicentro del di\u00e1logo sobre el papel estrat\u00e9gico del gas como energ\u00eda fiable en la transici\u00f3n hacia energ\u00edas renovables, car\u00e1cter en el que coinciden medios nacionales e internacionales acreditados para la cobertura de la VII Cumbre de Jefes de Estado y de Gobierno del Foro de Pa\u00edses Exportadores de Gas (FPEG).<\/p>\n\n\n\n<p>Alrededor de 300 medios de comunicaci\u00f3n han confluido en un espacio multipr\u00f3posito de 1.500 metros cuadrados, que incluye un auditorio para ruedas de prensa, salas de redacci\u00f3n, estudios de fotograf\u00eda equipados con los medios t\u00e9cnicos necesarios y set de televisi\u00f3n con elementos de dise\u00f1o y decoraci\u00f3n c\u00f3nsonos con la hist\u00f3rica reuni\u00f3n del organismo intergubernamental.<\/p>\n\n\n\n<p>Denominada por el peri\u00f3dico El Watan, uno de los m\u00e1s vendidos de Argelia, como \u00abla Cumbre de los grandes desaf\u00edos\u00bb, el debate ocup\u00f3 las primeras planas y el espacio de mayor audiencia en canales de televisi\u00f3n y estaciones de radio por el impacto significativo que tendr\u00e1n sus conclusiones sobre el mercado energ\u00e9tico.<\/p>\n\n\n\n<p>Al respecto, el periodista de El Billad TV, Abdellah Nadour, enfatiz\u00f3 que la VII Cumbre del FPEG \u00abllega en un momento importante\u00bb en b\u00fasqueda de la estabilidad de los precios de los hidrocarburos, raz\u00f3n por la cual su desarrollo constituye una oportunidad para \u00ablograr un equilibrio entre los pa\u00edses productores y consumidores de gas\u00bb.<\/p>\n\n\n\n<p>Otro elemento trascendente en la cobertura medi\u00e1tica es la consolidaci\u00f3n de la asociaci\u00f3n estrat\u00e9gica entre los pa\u00edses miembros y observadores, bajo un esquema de beneficio mutuo. Sobre esto, el peri\u00f3dico El Khabar se\u00f1ala -a trav\u00e9s de voces expertas en materia energ\u00e9tica- que es la ocasi\u00f3n para unir posiciones de los productores de gas para alcanzar objetivos comunes.<\/p>\n\n\n\n<p>Por su parte, la periodista Assia Bekkar, de Radio Algeria International, puntualiz\u00f3 que el Foro de Pa\u00edses Exportadores de Gas \u00abes importante no solo para nosotros, sino para todos los integrantes\u00bb, por tanto, tributar\u00e1 al desarrollo econ\u00f3mico y al impulso del gas natural como energ\u00eda duradera y sostenible.<\/p>\n\n\n\n<p><strong>Un punto de encuentro<\/strong><\/p>\n\n\n\n<p>Adem\u00e1s de congregarse en torno a la novedad que supone la VII Cumbre de Jefes de Estado y de Gobierno, instalada este s\u00e1bado, periodistas, fot\u00f3grafos y camar\u00f3grafos han encontrado en el Centro Internacional de Conferencias un espacio para el intercambio de ideas y an\u00e1lisis sobre la actualidad del sector gas\u00edfero, as\u00ed como el impacto de las restricciones econ\u00f3micas, comerciales y financieras sobre la calidad de vida de la poblaci\u00f3n.<\/p>\n\n\n\n<p>Durante los tres d\u00edas del Foro de Pa\u00edses Exportadores de Gas, tambi\u00e9n prevaleci\u00f3 entre los medios de comunicaci\u00f3n el valor de la solidaridad, sobre todo cuando alguna dificultad t\u00e9cnica amenazaba con obstaculizar la cobertura eficiente de la jornada que contempl\u00f3 actividades preparatorias como el encuentro del Grupo de Trabajo Ad-Hoc de Alto Nivel y la 26\u00b0 Reuni\u00f3n Ministerial Extraordinaria, esta \u00faltima cobr\u00f3 especial importancia por conducir el debate de los puntos que integran la Declaraci\u00f3n de Argel.<\/p>\n\n\n\n<p>Al t\u00e9rmino de la Cumbre del FPEG, no solo qued\u00f3 de manifiesta la voluntad de los pa\u00edses miembros y observadores de transitar hacia nuevos mecanismos de cooperaci\u00f3n que respondan \u00aba las necesidades mundiales en materia de gas\u00bb, dado que ser\u00e1 recordada como el eje del trabajo conjunto, de la informaci\u00f3n veraz y oportuna a favor de los pueblos y el desarrollo compartido.<br><strong><br>Prensa Presidencial \/ Karelis Gonz\u00e1lez<\/strong><\/p>\n","protected":false},"excerpt":{"rendered":"<p>Argel, Argelia.- Del 29 de febrero al 2 de marzo, el Centro Internacional de Conferencias \u00abAbdullatif Rahal\u00bb ubicado en la costa occidental de Argel, se convirti\u00f3 en el epicentro del di\u00e1logo sobre el papel estrat\u00e9gico del gas como energ\u00eda fiable en la transici\u00f3n hacia energ\u00edas renovables, car\u00e1cter en el que coinciden medios nacionales e internacionales [&hellip;]<\/p>\n","protected":false},"author":4,"featured_media":9842,"comment_status":"open","ping_status":"open","sticky":false,"template":"","format":"standard","meta":{"footnotes":""},"categories":[18,7],"tags":[],"class_list":["post-9841","post","type-post","status-publish","format-standard","has-post-thumbnail","hentry","category-noticias-principales","category-notas-de-prensa"],"_links":{"self":[{"href":"https:\/\/prensapresidencialvenezuela.gob.ve\/index.php\/wp-json\/wp\/v2\/posts\/9841","targetHints":{"allow":["GET"]}}],"collection":[{"href":"https:\/\/prensapresidencialvenezuela.gob.ve\/index.php\/wp-json\/wp\/v2\/posts"}],"about":[{"href":"https:\/\/prensapresidencialvenezuela.gob.ve\/index.php\/wp-json\/wp\/v2\/types\/post"}],"author":[{"embeddable":true,"href":"https:\/\/prensapresidencialvenezuela.gob.ve\/index.php\/wp-json\/wp\/v2\/users\/4"}],"replies":[{"embeddable":true,"href":"https:\/\/prensapresidencialvenezuela.gob.ve\/index.php\/wp-json\/wp\/v2\/comments?post=9841"}],"version-history":[{"count":1,"href":"https:\/\/prensapresidencialvenezuela.gob.ve\/index.php\/wp-json\/wp\/v2\/posts\/9841\/revisions"}],"predecessor-version":[{"id":9843,"href":"https:\/\/prensapresidencialvenezuela.gob.ve\/index.php\/wp-json\/wp\/v2\/posts\/9841\/revisions\/9843"}],"wp:featuredmedia":[{"embeddable":true,"href":"https:\/\/prensapresidencialvenezuela.gob.ve\/index.php\/wp-json\/wp\/v2\/media\/9842"}],"wp:attachment":[{"href":"https:\/\/prensapresidencialvenezuela.gob.ve\/index.php\/wp-json\/wp\/v2\/media?parent=9841"}],"wp:term":[{"taxonomy":"category","embeddable":true,"href":"https:\/\/prensapresidencialvenezuela.gob.ve\/index.php\/wp-json\/wp\/v2\/categories?post=9841"},{"taxonomy":"post_tag","embeddable":true,"href":"https:\/\/prensapresidencialvenezuela.gob.ve\/index.php\/wp-json\/wp\/v2\/tags?post=9841"}],"curies":[{"name":"wp","href":"https:\/\/api.w.org\/{rel}","templated":true}]}}