{"id":9872,"date":"2023-11-24T19:50:00","date_gmt":"2023-11-24T23:50:00","guid":{"rendered":"http:\/\/172.27.0.121\/?p=9872"},"modified":"2024-04-17T14:53:58","modified_gmt":"2024-04-17T18:53:58","slug":"750-iglesias-catolicas-han-sido-rehabilitadas-por-la-gran-mision-venezuela-bella","status":"publish","type":"post","link":"https:\/\/prensapresidencialvenezuela.gob.ve\/index.php\/2023\/11\/24\/750-iglesias-catolicas-han-sido-rehabilitadas-por-la-gran-mision-venezuela-bella\/","title":{"rendered":"750 iglesias cat\u00f3licas han sido rehabilitadas por la Gran Misi\u00f3n Venezuela Bella"},"content":{"rendered":"\n<p><strong>&nbsp;<\/strong><strong>Catia La Mar, La Guaira.-&nbsp;&nbsp;<\/strong>En el marco de la inauguraci\u00f3n de la Cinta Costera \u201cPaseo La Marina\u201d, en el estado La Guaira, el presidente de la Republica Bolivariana de Venezuela, Nicol\u00e1s Maduro, present\u00f3 al pa\u00eds la rehabilitaci\u00f3n y embellecimiento de estructuras para el sano esparcimiento de las familias venezolanas.<\/p>\n\n\n\n<p>Desde el estado Nueva Esparta, espec\u00edficamente en la bas\u00edlica menor \u201cNuestra Se\u00f1ora del Valle\u201d, en la parroquia Esp\u00edritu Santo, municipio Garc\u00eda, fueron realizadas obras de reparaci\u00f3n para garantizar a la feligres\u00eda un espacio digno y seguro para promover los valores de la paz.<\/p>\n\n\n\n<p>Entre las obras realizadas se encuentran las paredes, puertas y techos; as\u00ed como tambi\u00e9n se ejecutaron trabajos en el alumbrado p\u00fablico lo que resulta beneficios para los pobladores y visitantes.<\/p>\n\n\n\n<p>La presidenta de la Misi\u00f3n Venezuela Bella,&nbsp;Jacqueline Far\u00eda, pormenoriz\u00f3 que las cuatro c\u00fapulas de la bas\u00edlica fueron restauradas, adem\u00e1s de todo su mobiliario interno.<\/p>\n\n\n\n<p>En total son 750 iglesias cat\u00f3licas han sido rehabilitadas hasta la fecha, lo que representa el 50% de los recintos cat\u00f3licos registrados ante el Ministerio de Relaciones Interiores, Justicia y Paz, detall\u00f3 Far\u00eda.<\/p>\n\n\n\n<p>En tanto, en el \u00e1mbito evang\u00e9lico m\u00e1s de 2.800 templos han sido intervenidos en todo el pa\u00eds por el Plan de Embellecimiento y el Plan Mi Iglesia Bien Equipada, lo que representa cerca del 12% de las iglesias evang\u00e9licas registradas ante el despacho de Interior, Justicia y Paz.<\/p>\n\n\n\n<p><strong>Obras universitarias en Trujillo<\/strong><\/p>\n\n\n\n<p>Por otra parte, los espacios de la Universidad Nacional Experimental \u201cSim\u00f3n Rodr\u00edguez\u201d, n\u00facleo Valera, ubicado en el estado Trujillo, fueron remodelados con el fin de entregarles a los 3.345 estudiantes, que hacen vida en esta Universidad, un espacio digno para que se desarrollen como grandes profesionales de la naci\u00f3n.<\/p>\n\n\n\n<p>Las \u00e1reas mejoradas fueron techos, pintura en las fachadas y paredes internas, acondicionamiento de pasillos, revisi\u00f3n y adecuaci\u00f3n del sistema el\u00e9ctrico y se rehabilitaron la unidad de hidroneum\u00e1tico y 20 salas de ba\u00f1o.<\/p>\n\n\n\n<p>Asimismo, fue inaugurada un \u00e1rea de servicio m\u00e9dico asistencial para la comunidad universitaria, la cual cuenta con servicio m\u00e9dico integral y atenci\u00f3n ginecol\u00f3gica.<\/p>\n\n\n\n<p>El presidente de la Rep\u00fablica envi\u00f3 su saludo y palabra de apoyo a todos los trujillanos y trujillanas, al tiempo que aprovecho la oportunidad para hacer un llamado a la poblaci\u00f3n estudiantil universitaria de todo el pa\u00eds para que este 3 de diciembre salga masivamente a votar por la defensa del territorio Esequibo.<\/p>\n\n\n\n<p><strong>Prensa Presidencial\/ Eduardo Hueck<\/strong><\/p>\n","protected":false},"excerpt":{"rendered":"<p>&nbsp;Catia La Mar, La Guaira.-&nbsp;&nbsp;En el marco de la inauguraci\u00f3n de la Cinta Costera \u201cPaseo La Marina\u201d, en el estado La Guaira, el presidente de la Republica Bolivariana de Venezuela, Nicol\u00e1s Maduro, present\u00f3 al pa\u00eds la rehabilitaci\u00f3n y embellecimiento de estructuras para el sano esparcimiento de las familias venezolanas. Desde el estado Nueva Esparta, espec\u00edficamente [&hellip;]<\/p>\n","protected":false},"author":4,"featured_media":9873,"comment_status":"open","ping_status":"open","sticky":false,"template":"","format":"standard","meta":{"footnotes":""},"categories":[18,7],"tags":[30,171,19,27,20],"class_list":["post-9872","post","type-post","status-publish","format-standard","has-post-thumbnail","hentry","category-noticias-principales","category-notas-de-prensa","tag-destacado","tag-gmvb","tag-nicolas-maduro","tag-revolucion-bolivariana","tag-venezuela"],"_links":{"self":[{"href":"https:\/\/prensapresidencialvenezuela.gob.ve\/index.php\/wp-json\/wp\/v2\/posts\/9872","targetHints":{"allow":["GET"]}}],"collection":[{"href":"https:\/\/prensapresidencialvenezuela.gob.ve\/index.php\/wp-json\/wp\/v2\/posts"}],"about":[{"href":"https:\/\/prensapresidencialvenezuela.gob.ve\/index.php\/wp-json\/wp\/v2\/types\/post"}],"author":[{"embeddable":true,"href":"https:\/\/prensapresidencialvenezuela.gob.ve\/index.php\/wp-json\/wp\/v2\/users\/4"}],"replies":[{"embeddable":true,"href":"https:\/\/prensapresidencialvenezuela.gob.ve\/index.php\/wp-json\/wp\/v2\/comments?post=9872"}],"version-history":[{"count":1,"href":"https:\/\/prensapresidencialvenezuela.gob.ve\/index.php\/wp-json\/wp\/v2\/posts\/9872\/revisions"}],"predecessor-version":[{"id":9874,"href":"https:\/\/prensapresidencialvenezuela.gob.ve\/index.php\/wp-json\/wp\/v2\/posts\/9872\/revisions\/9874"}],"wp:featuredmedia":[{"embeddable":true,"href":"https:\/\/prensapresidencialvenezuela.gob.ve\/index.php\/wp-json\/wp\/v2\/media\/9873"}],"wp:attachment":[{"href":"https:\/\/prensapresidencialvenezuela.gob.ve\/index.php\/wp-json\/wp\/v2\/media?parent=9872"}],"wp:term":[{"taxonomy":"category","embeddable":true,"href":"https:\/\/prensapresidencialvenezuela.gob.ve\/index.php\/wp-json\/wp\/v2\/categories?post=9872"},{"taxonomy":"post_tag","embeddable":true,"href":"https:\/\/prensapresidencialvenezuela.gob.ve\/index.php\/wp-json\/wp\/v2\/tags?post=9872"}],"curies":[{"name":"wp","href":"https:\/\/api.w.org\/{rel}","templated":true}]}}