{"id":9878,"date":"2023-11-27T18:30:00","date_gmt":"2023-11-27T22:30:00","guid":{"rendered":"http:\/\/172.27.0.121\/?p=9878"},"modified":"2024-04-17T15:00:25","modified_gmt":"2024-04-17T19:00:25","slug":"presidente-maduro-participa-en-actos-del-103-aniversario-de-la-amb","status":"publish","type":"post","link":"https:\/\/prensapresidencialvenezuela.gob.ve\/index.php\/2023\/11\/27\/presidente-maduro-participa-en-actos-del-103-aniversario-de-la-amb\/","title":{"rendered":"Presidente Maduro participa en actos del 103\u00b0 aniversario de la AMB"},"content":{"rendered":"\n<p><strong>Base A\u00e9rea El Libertador, Aragua.-<\/strong>&nbsp;El presidente y Comandante en Jefe de la Fuerza Armada Nacional Bolivariana (FANB), Nicol\u00e1s Maduro Moros, encabeza este lunes los actos conmemorativos a prop\u00f3sito del 103\u00b0 aniversario de la Aviaci\u00f3n Militar Bolivariana (AMB) y 31\u00b0 aniversario de la gesta her\u00f3ica del 27 de noviembre de 1992.<\/p>\n\n\n\n<p>El Dignatario fue recibido con los honores correspondientes a su investidura a cargo de la Banda de Guerra de la Academia Militar de la Aviaci\u00f3n Bolivariana; luego realiz\u00f3 la inauguraci\u00f3n del Hangar II de mantenimiento, donde recorri\u00f3 las instalaciones.<\/p>\n\n\n\n<p>El Presidente de la Rep\u00fablica fue acompa\u00f1ado por la primera combatiente y diputada de la Asamblea Nacional, Cilia Flores; la vicepresidenta Ejecutiva, Delcy Rodr\u00edguez; el ministro del Poder Popular para la Defensa, G\/J Vladimir Padrino L\u00f3pez; el Comandante Estrat\u00e9gico Operacional de la FANB, G\/J Domingo Hern\u00e1ndez L\u00e1rez; el Comandante General de la Aviaci\u00f3n Militar Bolivariana, M\/G Santiago Infante Itriago.<\/p>\n\n\n\n<p>A primeras horas del d\u00eda, el Jefe de Estado venezolano celebr\u00f3 el 103 Aniversario de este componente de la Fuerza Armada Nacional Bolivariana, a trav\u00e9s de su usuario digital, @NicolasMaduro,<\/p>\n\n\n\n<p>\u00abHoy celebramos el 103\u00ba Aniversario de la Aviaci\u00f3n Militar Bolivariana, paladines de nuestro cielo soberano que hace 31 a\u00f1os se rebelaron junto al pueblo, por el logro de los altos ideales de la Rep\u00fablica. Felicito a la instituci\u00f3n defensora y protectora de la justicia social, la libertad y la soberan\u00eda de la Patria\u00bb, puntualiz\u00f3.<\/p>\n\n\n\n<p>La Aviaci\u00f3n Militar Bolivariana (AMB) forma parte de los cinco componentes que integran la Fuerza Armada Nacional Bolivariana y su misi\u00f3n es de proteger el espacio a\u00e9reo de Venezuela, colaborar en el mantenimiento de la seguridad interna, participar de manera activa en el progreso del pa\u00eds y salvaguardar la integridad territorial y la soberan\u00eda nacional.<\/p>\n\n\n\n<p><strong>Prensa Presidencial \/ Eduardo Hueck<\/strong><\/p>\n","protected":false},"excerpt":{"rendered":"<p>Base A\u00e9rea El Libertador, Aragua.-&nbsp;El presidente y Comandante en Jefe de la Fuerza Armada Nacional Bolivariana (FANB), Nicol\u00e1s Maduro Moros, encabeza este lunes los actos conmemorativos a prop\u00f3sito del 103\u00b0 aniversario de la Aviaci\u00f3n Militar Bolivariana (AMB) y 31\u00b0 aniversario de la gesta her\u00f3ica del 27 de noviembre de 1992. El Dignatario fue recibido con [&hellip;]<\/p>\n","protected":false},"author":1,"featured_media":9879,"comment_status":"open","ping_status":"open","sticky":false,"template":"","format":"standard","meta":{"footnotes":""},"categories":[18,7],"tags":[172,30,65,19,27,20],"class_list":["post-9878","post","type-post","status-publish","format-standard","has-post-thumbnail","hentry","category-noticias-principales","category-notas-de-prensa","tag-amb","tag-destacado","tag-fanb","tag-nicolas-maduro","tag-revolucion-bolivariana","tag-venezuela"],"_links":{"self":[{"href":"https:\/\/prensapresidencialvenezuela.gob.ve\/index.php\/wp-json\/wp\/v2\/posts\/9878","targetHints":{"allow":["GET"]}}],"collection":[{"href":"https:\/\/prensapresidencialvenezuela.gob.ve\/index.php\/wp-json\/wp\/v2\/posts"}],"about":[{"href":"https:\/\/prensapresidencialvenezuela.gob.ve\/index.php\/wp-json\/wp\/v2\/types\/post"}],"author":[{"embeddable":true,"href":"https:\/\/prensapresidencialvenezuela.gob.ve\/index.php\/wp-json\/wp\/v2\/users\/1"}],"replies":[{"embeddable":true,"href":"https:\/\/prensapresidencialvenezuela.gob.ve\/index.php\/wp-json\/wp\/v2\/comments?post=9878"}],"version-history":[{"count":1,"href":"https:\/\/prensapresidencialvenezuela.gob.ve\/index.php\/wp-json\/wp\/v2\/posts\/9878\/revisions"}],"predecessor-version":[{"id":9880,"href":"https:\/\/prensapresidencialvenezuela.gob.ve\/index.php\/wp-json\/wp\/v2\/posts\/9878\/revisions\/9880"}],"wp:featuredmedia":[{"embeddable":true,"href":"https:\/\/prensapresidencialvenezuela.gob.ve\/index.php\/wp-json\/wp\/v2\/media\/9879"}],"wp:attachment":[{"href":"https:\/\/prensapresidencialvenezuela.gob.ve\/index.php\/wp-json\/wp\/v2\/media?parent=9878"}],"wp:term":[{"taxonomy":"category","embeddable":true,"href":"https:\/\/prensapresidencialvenezuela.gob.ve\/index.php\/wp-json\/wp\/v2\/categories?post=9878"},{"taxonomy":"post_tag","embeddable":true,"href":"https:\/\/prensapresidencialvenezuela.gob.ve\/index.php\/wp-json\/wp\/v2\/tags?post=9878"}],"curies":[{"name":"wp","href":"https:\/\/api.w.org\/{rel}","templated":true}]}}