{"id":9881,"date":"2023-11-27T15:00:00","date_gmt":"2023-11-27T19:00:00","guid":{"rendered":"http:\/\/172.27.0.121\/?p=9881"},"modified":"2024-04-17T15:05:03","modified_gmt":"2024-04-17T19:05:03","slug":"presidente-maduro-condecora-a-personal-de-la-amb","status":"publish","type":"post","link":"https:\/\/prensapresidencialvenezuela.gob.ve\/index.php\/2023\/11\/27\/presidente-maduro-condecora-a-personal-de-la-amb\/","title":{"rendered":"Presidente Maduro condecora a personal de la AMB"},"content":{"rendered":"\n<p><strong>Base A\u00e9rea El Libertador, estado Aragua.-<\/strong>&nbsp;Al reconocer el hero\u00edsmo en el desempe\u00f1o de sus labores, el presidente de la Rep\u00fablica Bolivariana de Venezuela, Nicol\u00e1s Maduro Moros, impuso este lunes condecoraciones al personal de la Aviaci\u00f3n Militar Bolivariana (AMB).<\/p>\n\n\n\n<p>Quienes recibieron la condecoraci\u00f3n por parte del tambi\u00e9n Comandante en Jefe de la Fuerza Armada Nacional Bolivariana (FANB) fueron Jos\u00e9 Francisco L\u00f3pez Carrillo, comandante del Cuerpo de Ingenieros; Eliomar Enrique Olivares Quintero, jefe de la Divisi\u00f3n de Equipos Especiales de la Direcci\u00f3n de Construcci\u00f3n y Mantenimiento del Cuerpo de Ingenieros; y Carlos Eduardo P\u00e9rez Valasco, jefe de Operaciones del Escuadr\u00f3n C-35 del Grupo A\u00e9reo de Caza N\u00famero 12.<\/p>\n\n\n\n<p>Asimismo, reciben la distinci\u00f3n Joel Darrinson G\u00e1mez Hern\u00e1ndez, adjunto a la Ayudant\u00eda del 192, Grupo Misilistico del Comando de Defensa Aeroespacial Integral; y \u00c1ngel De Jes\u00fas Medina Delgado, Plaza del Grupo de Polic\u00eda A\u00e9rea De La Base A\u00e9rea El Libertador.<\/p>\n\n\n\n<p>Durante el acto con motivo al 103\u00b0 aniversario de la Aviaci\u00f3n Militar Bolivariana (AMB) y 31\u00b0 aniversario de la gesta her\u00f3ica del 27 de noviembre de 1992, le fue entregado un presente al Dignatario venezolano por los alf\u00e9rez mayores, Jos\u00e9 Rafael Jim\u00e9nez Mujica y Maribic Joliaoric Su\u00e1rez; los alf\u00e9rez auxiliares, Alexis Alejandro Salinas y Auxiliar Elvis Rafael&nbsp; Mu\u00f1oz Tovar.<\/p>\n\n\n\n<p><strong>Prensa Presidencial \/ Eduardo Hueck<\/strong><\/p>\n","protected":false},"excerpt":{"rendered":"<p>Base A\u00e9rea El Libertador, estado Aragua.-&nbsp;Al reconocer el hero\u00edsmo en el desempe\u00f1o de sus labores, el presidente de la Rep\u00fablica Bolivariana de Venezuela, Nicol\u00e1s Maduro Moros, impuso este lunes condecoraciones al personal de la Aviaci\u00f3n Militar Bolivariana (AMB). Quienes recibieron la condecoraci\u00f3n por parte del tambi\u00e9n Comandante en Jefe de la Fuerza Armada Nacional Bolivariana [&hellip;]<\/p>\n","protected":false},"author":4,"featured_media":9882,"comment_status":"open","ping_status":"open","sticky":false,"template":"","format":"standard","meta":{"footnotes":""},"categories":[18,7],"tags":[172,30,65,19,27,20],"class_list":["post-9881","post","type-post","status-publish","format-standard","has-post-thumbnail","hentry","category-noticias-principales","category-notas-de-prensa","tag-amb","tag-destacado","tag-fanb","tag-nicolas-maduro","tag-revolucion-bolivariana","tag-venezuela"],"_links":{"self":[{"href":"https:\/\/prensapresidencialvenezuela.gob.ve\/index.php\/wp-json\/wp\/v2\/posts\/9881","targetHints":{"allow":["GET"]}}],"collection":[{"href":"https:\/\/prensapresidencialvenezuela.gob.ve\/index.php\/wp-json\/wp\/v2\/posts"}],"about":[{"href":"https:\/\/prensapresidencialvenezuela.gob.ve\/index.php\/wp-json\/wp\/v2\/types\/post"}],"author":[{"embeddable":true,"href":"https:\/\/prensapresidencialvenezuela.gob.ve\/index.php\/wp-json\/wp\/v2\/users\/4"}],"replies":[{"embeddable":true,"href":"https:\/\/prensapresidencialvenezuela.gob.ve\/index.php\/wp-json\/wp\/v2\/comments?post=9881"}],"version-history":[{"count":1,"href":"https:\/\/prensapresidencialvenezuela.gob.ve\/index.php\/wp-json\/wp\/v2\/posts\/9881\/revisions"}],"predecessor-version":[{"id":9883,"href":"https:\/\/prensapresidencialvenezuela.gob.ve\/index.php\/wp-json\/wp\/v2\/posts\/9881\/revisions\/9883"}],"wp:featuredmedia":[{"embeddable":true,"href":"https:\/\/prensapresidencialvenezuela.gob.ve\/index.php\/wp-json\/wp\/v2\/media\/9882"}],"wp:attachment":[{"href":"https:\/\/prensapresidencialvenezuela.gob.ve\/index.php\/wp-json\/wp\/v2\/media?parent=9881"}],"wp:term":[{"taxonomy":"category","embeddable":true,"href":"https:\/\/prensapresidencialvenezuela.gob.ve\/index.php\/wp-json\/wp\/v2\/categories?post=9881"},{"taxonomy":"post_tag","embeddable":true,"href":"https:\/\/prensapresidencialvenezuela.gob.ve\/index.php\/wp-json\/wp\/v2\/tags?post=9881"}],"curies":[{"name":"wp","href":"https:\/\/api.w.org\/{rel}","templated":true}]}}