{"id":9908,"date":"2023-11-27T21:19:00","date_gmt":"2023-11-28T01:19:00","guid":{"rendered":"http:\/\/172.27.0.121\/?p=9908"},"modified":"2024-04-18T13:21:46","modified_gmt":"2024-04-18T17:21:46","slug":"estados-se-sumaran-a-experiencia-de-reciclaje-para-desarrollo-de-productos-sustentables","status":"publish","type":"post","link":"https:\/\/prensapresidencialvenezuela.gob.ve\/index.php\/2023\/11\/27\/estados-se-sumaran-a-experiencia-de-reciclaje-para-desarrollo-de-productos-sustentables\/","title":{"rendered":"Estados se sumar\u00e1n a experiencia de reciclaje para desarrollo de productos sustentables"},"content":{"rendered":"\n<p><strong>Maracay, estado Aragua.-&nbsp;<\/strong>La experiencia de gesti\u00f3n de desechos, principalmente del sector pl\u00e1stico, que naci\u00f3 en la parroquia Choron\u00ed, ubicado en el estado Aragua, de la mano de la empresa My Ven C.A ser\u00e1 replicada en el territorio nacional no solo para fomentar el reciclaje, sino para potenciar el modelo de econom\u00eda circular.<\/p>\n\n\n\n<p>A cargo de la estructuraci\u00f3n de la propuesta que ser\u00e1 presentada al presidente de la Rep\u00fablica, Nicol\u00e1s Maduro, estar\u00e1n el ministro del Poder Popular para Ecosocialismo, Josu\u00e9 Lorca; la gobernadora del estado Aragua, Karina Carpio; y el presidente de My Ven, Oliver Lobo. Su tarea ser\u00e1 configurar una estrategia que permita trazar soluciones efectivas para el manejo de desperdicios, bajo una perspectiva de conservaci\u00f3n y protecci\u00f3n del ambiente.<\/p>\n\n\n\n<p>\u201cCoordina \u2013Oliver Lobo- con Josu\u00e9 Lorca, ministro de Ecosocialismo, para que preparen una propuesta y trabajar en estas mismas ideas (\u2026) Que en Aragua se consolide y se multiplique en todos los estados del pa\u00eds\u201d, instruy\u00f3 el mandatario venezolano durante el programa&nbsp;<em>Con Maduro +<\/em>, transmitido a trav\u00e9s de Venezolana de Televisi\u00f3n (VTV).<\/p>\n\n\n\n<p>La empresa My Ven, con 45 a\u00f1os en el mercado venezolano, fabrica productos sustentables a partir del pl\u00e1stico reciclado. Espec\u00edficamente, gracias a una alianza con la Gobernaci\u00f3n de Aragua, se encuentran en fase de desarrollo pupitres para estudiantes de la entidad.<\/p>\n\n\n\n<p>\u201cHay muchas recuperadoras de pl\u00e1stico en el pa\u00eds y necesitamos que cada gobernador tenga ese apoyo en su estado. La gobernadora \u2013Karina Carpio- no pregunt\u00f3 qu\u00e9 pod\u00edamos hacer y, ahora, tenemos unos pupitres\u201d, precis\u00f3 el representante de My Ven, Oliver Lobo.<\/p>\n\n\n\n<p>A la fabricaci\u00f3n de pupitres, se suman los proyectos de elaboraci\u00f3n de techos sustentables con una durabilidad de 12 a 15 a\u00f1os y capacidad para soportar hasta 87 grados cent\u00edgrados.<\/p>\n\n\n\n<p>En simult\u00e1neo al reciclaje de pl\u00e1stico, tambi\u00e9n se enfocan en el anime para convertirlo en envases de licuadoras y cerdas de escobas de barrer.<\/p>\n\n\n\n<p>\u201cCuenta con todo el apoyo\u201d, enfatiz\u00f3 el Jefe de Estado, quien orient\u00f3 al titular de Ecosocialismo garantizar los mecanismos que permitan brinda \u201cun apoyo especial, un empuje a todos los empresarios que est\u00e1n en el \u00e1rea de reciclaje para poder avanzar\u201d.<\/p>\n\n\n\n<p><strong>Prensa Presidencial \/ Karelis Gonz\u00e1lez<\/strong><\/p>\n","protected":false},"excerpt":{"rendered":"<p>Maracay, estado Aragua.-&nbsp;La experiencia de gesti\u00f3n de desechos, principalmente del sector pl\u00e1stico, que naci\u00f3 en la parroquia Choron\u00ed, ubicado en el estado Aragua, de la mano de la empresa My Ven C.A ser\u00e1 replicada en el territorio nacional no solo para fomentar el reciclaje, sino para potenciar el modelo de econom\u00eda circular. A cargo de [&hellip;]<\/p>\n","protected":false},"author":4,"featured_media":9909,"comment_status":"open","ping_status":"open","sticky":false,"template":"","format":"standard","meta":{"footnotes":""},"categories":[18,7],"tags":[30,175,19,27,20],"class_list":["post-9908","post","type-post","status-publish","format-standard","has-post-thumbnail","hentry","category-noticias-principales","category-notas-de-prensa","tag-destacado","tag-ecologia","tag-nicolas-maduro","tag-revolucion-bolivariana","tag-venezuela"],"_links":{"self":[{"href":"https:\/\/prensapresidencialvenezuela.gob.ve\/index.php\/wp-json\/wp\/v2\/posts\/9908","targetHints":{"allow":["GET"]}}],"collection":[{"href":"https:\/\/prensapresidencialvenezuela.gob.ve\/index.php\/wp-json\/wp\/v2\/posts"}],"about":[{"href":"https:\/\/prensapresidencialvenezuela.gob.ve\/index.php\/wp-json\/wp\/v2\/types\/post"}],"author":[{"embeddable":true,"href":"https:\/\/prensapresidencialvenezuela.gob.ve\/index.php\/wp-json\/wp\/v2\/users\/4"}],"replies":[{"embeddable":true,"href":"https:\/\/prensapresidencialvenezuela.gob.ve\/index.php\/wp-json\/wp\/v2\/comments?post=9908"}],"version-history":[{"count":1,"href":"https:\/\/prensapresidencialvenezuela.gob.ve\/index.php\/wp-json\/wp\/v2\/posts\/9908\/revisions"}],"predecessor-version":[{"id":9910,"href":"https:\/\/prensapresidencialvenezuela.gob.ve\/index.php\/wp-json\/wp\/v2\/posts\/9908\/revisions\/9910"}],"wp:featuredmedia":[{"embeddable":true,"href":"https:\/\/prensapresidencialvenezuela.gob.ve\/index.php\/wp-json\/wp\/v2\/media\/9909"}],"wp:attachment":[{"href":"https:\/\/prensapresidencialvenezuela.gob.ve\/index.php\/wp-json\/wp\/v2\/media?parent=9908"}],"wp:term":[{"taxonomy":"category","embeddable":true,"href":"https:\/\/prensapresidencialvenezuela.gob.ve\/index.php\/wp-json\/wp\/v2\/categories?post=9908"},{"taxonomy":"post_tag","embeddable":true,"href":"https:\/\/prensapresidencialvenezuela.gob.ve\/index.php\/wp-json\/wp\/v2\/tags?post=9908"}],"curies":[{"name":"wp","href":"https:\/\/api.w.org\/{rel}","templated":true}]}}