{"id":9926,"date":"2023-11-28T18:13:00","date_gmt":"2023-11-28T22:13:00","guid":{"rendered":"http:\/\/172.27.0.121\/?p=9926"},"modified":"2024-04-18T13:56:25","modified_gmt":"2024-04-18T17:56:25","slug":"presidente-instruyo-elaborar-plan-especial-de-financiamiento-para-los-sectores-economicos","status":"publish","type":"post","link":"https:\/\/prensapresidencialvenezuela.gob.ve\/index.php\/2023\/11\/28\/presidente-instruyo-elaborar-plan-especial-de-financiamiento-para-los-sectores-economicos\/","title":{"rendered":"Presidente instruy\u00f3 elaborar plan especial de financiamiento para los sectores econ\u00f3micos"},"content":{"rendered":"\n<p><strong>Palacio de Miraflores, Caracas.-&nbsp;<\/strong>En aras de estimular y mejorar las condiciones de producci\u00f3n de todos los sectores econ\u00f3micos del pa\u00eds, el presidente de la Rep\u00fablica, Nicol\u00e1s Maduro, instruy\u00f3 elaborar un plan especial de financiamiento que garantice el dinamismo de la econom\u00eda real en los a\u00f1os 2024, 2025 y 2026.<\/p>\n\n\n\n<p>\u201cUn plan especial particularizado para apoyar con financiamiento, log\u00edstica y pol\u00edtica correcta, el crecimiento de todos los motores y todos los sectores de la econom\u00eda, es necesario\u201d, asever\u00f3 el Jefe de Estado desde el Sal\u00f3n Ayacucho en el Palacio de Miraflores.<\/p>\n\n\n\n<p>Durante una reuni\u00f3n del Consejo Nacional de Econom\u00eda Productiva, el Dignatario encarg\u00f3 al equipo econ\u00f3mico, liderado por la vicepresidenta Ejecutiva de la Rep\u00fablica, Delcy Rodr\u00edguez, la elaboraci\u00f3n de este plan especial \u201cpara activarlo al amanecer del 1\u00b0 de enero -de 2024- arrancando el a\u00f1o, tenemos que activarnos temprano y pido el aporte sincero de todas las c\u00e1maras y federaciones empresariales\u201d.<\/p>\n\n\n\n<p>En este sentido, apunt\u00f3 que la visualizaci\u00f3n de financiamiento a mediano plazo (3 a\u00f1os), permitir\u00e1 hacer efectivo los cr\u00e9ditos bancarios y el financiamiento p\u00fablico para cumplir con las pol\u00edticas que proteja al productor nacional.<\/p>\n\n\n\n<p>Al respecto, expres\u00f3 que la protecci\u00f3n del productor nacional permitir\u00e1 la producci\u00f3n de alimentos y la consolidaci\u00f3n de los distintos sectores y mercados nacionales, \u201cpara garantizar la atracci\u00f3n de capitales de la China, Brasil, Estados Unidos y Rusia\u201d, puntualiz\u00f3.<\/p>\n\n\n\n<p><strong>Prensa Presidencial\/Joelin Jim\u00e9nez<\/strong><\/p>\n","protected":false},"excerpt":{"rendered":"<p>Palacio de Miraflores, Caracas.-&nbsp;En aras de estimular y mejorar las condiciones de producci\u00f3n de todos los sectores econ\u00f3micos del pa\u00eds, el presidente de la Rep\u00fablica, Nicol\u00e1s Maduro, instruy\u00f3 elaborar un plan especial de financiamiento que garantice el dinamismo de la econom\u00eda real en los a\u00f1os 2024, 2025 y 2026. \u201cUn plan especial particularizado para apoyar [&hellip;]<\/p>\n","protected":false},"author":4,"featured_media":9927,"comment_status":"open","ping_status":"open","sticky":false,"template":"","format":"standard","meta":{"footnotes":""},"categories":[18,7],"tags":[30,21,19,27,20],"class_list":["post-9926","post","type-post","status-publish","format-standard","has-post-thumbnail","hentry","category-noticias-principales","category-notas-de-prensa","tag-destacado","tag-economia-venezolana","tag-nicolas-maduro","tag-revolucion-bolivariana","tag-venezuela"],"_links":{"self":[{"href":"https:\/\/prensapresidencialvenezuela.gob.ve\/index.php\/wp-json\/wp\/v2\/posts\/9926","targetHints":{"allow":["GET"]}}],"collection":[{"href":"https:\/\/prensapresidencialvenezuela.gob.ve\/index.php\/wp-json\/wp\/v2\/posts"}],"about":[{"href":"https:\/\/prensapresidencialvenezuela.gob.ve\/index.php\/wp-json\/wp\/v2\/types\/post"}],"author":[{"embeddable":true,"href":"https:\/\/prensapresidencialvenezuela.gob.ve\/index.php\/wp-json\/wp\/v2\/users\/4"}],"replies":[{"embeddable":true,"href":"https:\/\/prensapresidencialvenezuela.gob.ve\/index.php\/wp-json\/wp\/v2\/comments?post=9926"}],"version-history":[{"count":1,"href":"https:\/\/prensapresidencialvenezuela.gob.ve\/index.php\/wp-json\/wp\/v2\/posts\/9926\/revisions"}],"predecessor-version":[{"id":9928,"href":"https:\/\/prensapresidencialvenezuela.gob.ve\/index.php\/wp-json\/wp\/v2\/posts\/9926\/revisions\/9928"}],"wp:featuredmedia":[{"embeddable":true,"href":"https:\/\/prensapresidencialvenezuela.gob.ve\/index.php\/wp-json\/wp\/v2\/media\/9927"}],"wp:attachment":[{"href":"https:\/\/prensapresidencialvenezuela.gob.ve\/index.php\/wp-json\/wp\/v2\/media?parent=9926"}],"wp:term":[{"taxonomy":"category","embeddable":true,"href":"https:\/\/prensapresidencialvenezuela.gob.ve\/index.php\/wp-json\/wp\/v2\/categories?post=9926"},{"taxonomy":"post_tag","embeddable":true,"href":"https:\/\/prensapresidencialvenezuela.gob.ve\/index.php\/wp-json\/wp\/v2\/tags?post=9926"}],"curies":[{"name":"wp","href":"https:\/\/api.w.org\/{rel}","templated":true}]}}