{"id":994,"date":"2022-01-26T17:20:00","date_gmt":"2022-01-26T17:20:00","guid":{"rendered":"http:\/\/172.27.0.121\/?p=994"},"modified":"2022-07-18T16:12:21","modified_gmt":"2022-07-18T16:12:21","slug":"venezuela-ratifica-cooperacion-con-la-fao","status":"publish","type":"post","link":"https:\/\/prensapresidencialvenezuela.gob.ve\/index.php\/2022\/01\/26\/venezuela-ratifica-cooperacion-con-la-fao\/","title":{"rendered":"Venezuela ratifica cooperaci\u00f3n con la FAO"},"content":{"rendered":"\n<p><strong>Palacio de Miraflores, Caracas.-<\/strong> Al destacar que \u00abvaloramos su presencia, asesor\u00eda y proyectos\u00bb, el presidente de la Rep\u00fablica, Nicol\u00e1s Maduro, ratific\u00f3 la disposici\u00f3n del Gobierno Nacional de colaborar con la Organizaci\u00f3n de las Naciones Unidas para la Alimentaci\u00f3n y la Agricultura (FAO) en funci\u00f3n de garantizar la seguridad alimentaria.<\/p>\n\n\n\n<p>\u00abPueden contar con Venezuela para todos los eventos latinoamericanos y mundiales, ah\u00ed estar\u00e1 nuestra experiencia, voz y participaci\u00f3n en primera l\u00ednea en apoyo de los esfuerzos del Sistema de Naciones Unidas para garantizar el desarrollo equitativo de la humanidad\u00bb, enfatiz\u00f3 desde Catia La Mar, ubicado en el estado La Guaira.<\/p>\n\n\n\n<p>Previamente, el representante de la FAO en Venezuela, Alexis Bonte, detall\u00f3 que el organismo de la ONU avanza en la revisi\u00f3n de una agenda conjunta con el Ministerio del Poder Popular de Pesca y Acuicultura para la definici\u00f3n de un cronograma de actividades en 2022, as\u00ed como para establecer programas que favorezcan el incremento de la producci\u00f3n pesquera.<\/p>\n\n\n\n<p>\u00abA nivel internacional habr\u00e1 varios eventos, d\u00f3nde habr\u00e1 una reuni\u00f3n del Sub Comit\u00e9 de Acuicultura y del Comit\u00e9 Mundial de Pesca (\u2026) Nuestra oficina tiene la disposici\u00f3n para facilitar la participaci\u00f3n activa del gobierno de Venezuela\u00bb, subray\u00f3 Bonte.<\/p>\n\n\n\n<p>Asimismo, Bonte explic\u00f3 que trabajan en la configuraci\u00f3n de un programa que involucra la participaci\u00f3n del Ministerio del Poder Popular para Ecosocialismo en aras de medir el impacto positivo de la prohibici\u00f3n de la pesca de arrastre en Venezuela.<\/p>\n\n\n\n<p><strong>Prensa Presidencial\/Karelis Gonz\u00e1lez<\/strong><\/p>\n","protected":false},"excerpt":{"rendered":"<p>Palacio de Miraflores, Caracas.- Al destacar que \u00abvaloramos su presencia, asesor\u00eda y proyectos\u00bb, el presidente de la Rep\u00fablica, Nicol\u00e1s Maduro, ratific\u00f3 la disposici\u00f3n del Gobierno Nacional de colaborar con la Organizaci\u00f3n de las Naciones Unidas para la Alimentaci\u00f3n y la Agricultura (FAO) en funci\u00f3n de garantizar la seguridad alimentaria. \u00abPueden contar con Venezuela para todos [&hellip;]<\/p>\n","protected":false},"author":6,"featured_media":995,"comment_status":"open","ping_status":"open","sticky":false,"template":"","format":"standard","meta":{"footnotes":""},"categories":[7],"tags":[],"class_list":["post-994","post","type-post","status-publish","format-standard","has-post-thumbnail","hentry","category-notas-de-prensa"],"_links":{"self":[{"href":"https:\/\/prensapresidencialvenezuela.gob.ve\/index.php\/wp-json\/wp\/v2\/posts\/994","targetHints":{"allow":["GET"]}}],"collection":[{"href":"https:\/\/prensapresidencialvenezuela.gob.ve\/index.php\/wp-json\/wp\/v2\/posts"}],"about":[{"href":"https:\/\/prensapresidencialvenezuela.gob.ve\/index.php\/wp-json\/wp\/v2\/types\/post"}],"author":[{"embeddable":true,"href":"https:\/\/prensapresidencialvenezuela.gob.ve\/index.php\/wp-json\/wp\/v2\/users\/6"}],"replies":[{"embeddable":true,"href":"https:\/\/prensapresidencialvenezuela.gob.ve\/index.php\/wp-json\/wp\/v2\/comments?post=994"}],"version-history":[{"count":1,"href":"https:\/\/prensapresidencialvenezuela.gob.ve\/index.php\/wp-json\/wp\/v2\/posts\/994\/revisions"}],"predecessor-version":[{"id":996,"href":"https:\/\/prensapresidencialvenezuela.gob.ve\/index.php\/wp-json\/wp\/v2\/posts\/994\/revisions\/996"}],"wp:featuredmedia":[{"embeddable":true,"href":"https:\/\/prensapresidencialvenezuela.gob.ve\/index.php\/wp-json\/wp\/v2\/media\/995"}],"wp:attachment":[{"href":"https:\/\/prensapresidencialvenezuela.gob.ve\/index.php\/wp-json\/wp\/v2\/media?parent=994"}],"wp:term":[{"taxonomy":"category","embeddable":true,"href":"https:\/\/prensapresidencialvenezuela.gob.ve\/index.php\/wp-json\/wp\/v2\/categories?post=994"},{"taxonomy":"post_tag","embeddable":true,"href":"https:\/\/prensapresidencialvenezuela.gob.ve\/index.php\/wp-json\/wp\/v2\/tags?post=994"}],"curies":[{"name":"wp","href":"https:\/\/api.w.org\/{rel}","templated":true}]}}