{"id":9945,"date":"2023-11-28T19:14:00","date_gmt":"2023-11-28T23:14:00","guid":{"rendered":"http:\/\/172.27.0.121\/?p=9945"},"modified":"2024-04-18T14:16:35","modified_gmt":"2024-04-18T18:16:35","slug":"empresarios-convocados-a-sumarse-a-la-defensa-de-la-guayana-esequiba","status":"publish","type":"post","link":"https:\/\/prensapresidencialvenezuela.gob.ve\/index.php\/2023\/11\/28\/empresarios-convocados-a-sumarse-a-la-defensa-de-la-guayana-esequiba\/","title":{"rendered":"Empresarios convocados a sumarse a la defensa de la Guayana Esequiba"},"content":{"rendered":"\n<p><strong>Palacio de Miraflores, Caracas.-<\/strong>&nbsp;En v\u00edsperas del refer\u00e9ndum consultivo, pautado para el domingo 3 de diciembre, el presidente de la Rep\u00fablica, Nicol\u00e1s Maduro, convoc\u00f3 al sector empresarial p\u00fablico y privado a participar activamente en la defensa de los derechos hist\u00f3ricos, pol\u00edticos y jur\u00eddicos de Venezuela sobre la Guayana Esequiba.<\/p>\n\n\n\n<p>A prop\u00f3sito de la sesi\u00f3n del Consejo Nacional de Econom\u00eda Productiva, que se desarroll\u00f3 en el Palacio de Miraflores, ubicado en Caracas, exhort\u00f3 al empresariado a que \u201cpongamos nuestra firma, pongamos nuestra huella en la historia de Venezuela y participemos activamente en las elecciones del refer\u00e9ndum consultivo\u201d.<\/p>\n\n\n\n<p>\u201cLos invito con esp\u00edritu patri\u00f3tico, en uni\u00f3n nacional, en consenso\u201d, enfatiz\u00f3 el jefe de Estado en consonancia con la afirmaci\u00f3n que realizara m\u00e1s temprano a trav\u00e9s de su cuenta en la red social X, @NicolasMaduro, donde subray\u00f3 que \u201cel empresariado comprometido y nacionalista se pone al frente\u201d en la causa del derecho de Venezuela sobre el Esequibo.<\/p>\n\n\n\n<p>Precisamente, durante la Conferencia Nacional por el Di\u00e1logo, la Paz y la Convivencia, instalada el 26 de octubre, el sector empresarial expres\u00f3 su respaldo a la defensa activa y protag\u00f3nica de los derechos de Venezuela sobre el Esequibo, como parte de su reivindicaci\u00f3n a los acuerdos suscritos entre el Gobierno Nacional y las oposiciones congregadas en la Plataforma Unitaria.<\/p>\n\n\n\n<p>20 millones 694 mil 124 venezolanos est\u00e1n habilitados para sufragar en el refer\u00e9ndum consultivo, proceso que contar\u00e1 con 28 mil 027 mesas electorales distribuidas en 15 mil 857 centros de votaci\u00f3n.<\/p>\n\n\n\n<p><strong>Prensa Presidencial \/ Karelis Gonz\u00e1lez<\/strong><\/p>\n","protected":false},"excerpt":{"rendered":"<p>Palacio de Miraflores, Caracas.-&nbsp;En v\u00edsperas del refer\u00e9ndum consultivo, pautado para el domingo 3 de diciembre, el presidente de la Rep\u00fablica, Nicol\u00e1s Maduro, convoc\u00f3 al sector empresarial p\u00fablico y privado a participar activamente en la defensa de los derechos hist\u00f3ricos, pol\u00edticos y jur\u00eddicos de Venezuela sobre la Guayana Esequiba. A prop\u00f3sito de la sesi\u00f3n del Consejo [&hellip;]<\/p>\n","protected":false},"author":4,"featured_media":9946,"comment_status":"open","ping_status":"open","sticky":false,"template":"","format":"standard","meta":{"footnotes":""},"categories":[18,7],"tags":[30,21,145,19,27,20],"class_list":["post-9945","post","type-post","status-publish","format-standard","has-post-thumbnail","hentry","category-noticias-principales","category-notas-de-prensa","tag-destacado","tag-economia-venezolana","tag-guayana-esequiba","tag-nicolas-maduro","tag-revolucion-bolivariana","tag-venezuela"],"_links":{"self":[{"href":"https:\/\/prensapresidencialvenezuela.gob.ve\/index.php\/wp-json\/wp\/v2\/posts\/9945","targetHints":{"allow":["GET"]}}],"collection":[{"href":"https:\/\/prensapresidencialvenezuela.gob.ve\/index.php\/wp-json\/wp\/v2\/posts"}],"about":[{"href":"https:\/\/prensapresidencialvenezuela.gob.ve\/index.php\/wp-json\/wp\/v2\/types\/post"}],"author":[{"embeddable":true,"href":"https:\/\/prensapresidencialvenezuela.gob.ve\/index.php\/wp-json\/wp\/v2\/users\/4"}],"replies":[{"embeddable":true,"href":"https:\/\/prensapresidencialvenezuela.gob.ve\/index.php\/wp-json\/wp\/v2\/comments?post=9945"}],"version-history":[{"count":1,"href":"https:\/\/prensapresidencialvenezuela.gob.ve\/index.php\/wp-json\/wp\/v2\/posts\/9945\/revisions"}],"predecessor-version":[{"id":9947,"href":"https:\/\/prensapresidencialvenezuela.gob.ve\/index.php\/wp-json\/wp\/v2\/posts\/9945\/revisions\/9947"}],"wp:featuredmedia":[{"embeddable":true,"href":"https:\/\/prensapresidencialvenezuela.gob.ve\/index.php\/wp-json\/wp\/v2\/media\/9946"}],"wp:attachment":[{"href":"https:\/\/prensapresidencialvenezuela.gob.ve\/index.php\/wp-json\/wp\/v2\/media?parent=9945"}],"wp:term":[{"taxonomy":"category","embeddable":true,"href":"https:\/\/prensapresidencialvenezuela.gob.ve\/index.php\/wp-json\/wp\/v2\/categories?post=9945"},{"taxonomy":"post_tag","embeddable":true,"href":"https:\/\/prensapresidencialvenezuela.gob.ve\/index.php\/wp-json\/wp\/v2\/tags?post=9945"}],"curies":[{"name":"wp","href":"https:\/\/api.w.org\/{rel}","templated":true}]}}