{"id":9967,"date":"2023-11-29T11:00:00","date_gmt":"2023-11-29T15:00:00","guid":{"rendered":"http:\/\/172.27.0.121\/?p=9967"},"modified":"2024-04-23T11:03:11","modified_gmt":"2024-04-23T15:03:11","slug":"presidente-dirige-encuentro-con-la-maquinaria-5x5-en-defensa-del-esequibo","status":"publish","type":"post","link":"https:\/\/prensapresidencialvenezuela.gob.ve\/index.php\/2023\/11\/29\/presidente-dirige-encuentro-con-la-maquinaria-5x5-en-defensa-del-esequibo\/","title":{"rendered":"Presidente dirige encuentro con la maquinaria 5&#215;5 en defensa del Esequibo"},"content":{"rendered":"\n<p><strong>Teatro Teresa Carre\u00f1o, Caracas.-<\/strong> En la recta final para el refer\u00e9ndum consultivo por la defensa de la Guayaba Esequiba, el presidente de la Rep\u00fablica Bolivariana de Venezuela, Nicol\u00e1s Maduro, dirige Encuentro con la Maquinaria 5&#215;5 en Defensa del Esequibo, desde la sala Rios Reyna del Teatro Teresa Carre\u00f1o, en la ciudad de Caracas.<\/p>\n\n\n\n<p>De cara a esta consulta, los distintos sectores pol\u00edticos y sociales del pa\u00eds se encuentran unidos en defensa del territorio, el derecho internacional y la soberan\u00eda del pueblo venezolano.<\/p>\n\n\n\n<p>Entre las particularidades del refer\u00e9ndum consultivo del pr\u00f3ximo 3 de diciembre se encuentra que marcar\u00e1 un precedente en la historia de Venezuela, por ser un proceso que no estar\u00e1 en manos de expertos o abogados, sino que ser\u00e1 del pueblo venezolano, el cual ya est\u00e1 familiarizado con el proceso de votaci\u00f3n, tras participar en simulacro electoral el pasado domingo 19 de noviembre, que arroj\u00f3 una participaci\u00f3n de m\u00e1s de 3 millones de personas, en medio de una campa\u00f1a que inici\u00f3 el 6 de noviembre y culmina este viernes 1 de diciembre.<\/p>\n\n\n\n<p>A prop\u00f3sito de la venidera cita electoral, el presidente del Consejo Nacional Electoral (CNE), Elvis Amoroso, anunci\u00f3 el despliegue del Plan Rep\u00fablica desde este mi\u00e9rcoles 29 de noviembre,&nbsp; luego de que desde hace 20 d\u00edas se encuentran movilizados en todo el pa\u00eds llevando material electoral a los centros de votaci\u00f3n.<\/p>\n\n\n\n<p>Durante la ma\u00f1ana de este mi\u00e9rcoles, el CNE hizo un pronunciamiento junto a Remigio Ceballos Ichaso, ministro del Poder Popular para Relaciones Interiores, Justicia y Paz; Vladimir Padrino L\u00f3pez, ministro del Poder Popular para la Defensa; Domingo Hern\u00e1ndez L\u00e1rez, Comandante Estrat\u00e9gico Operacional de la Fuerza Armada Nacional Bolivariana (FANB); Carmen Mel\u00e9ndez, alcaldesa del municipio Libertador de Caracas; y Tarek William Saab, Fiscal General de la Rep\u00fablica.<\/p>\n\n\n\n<p>En este contexto, el presidente del Poder Electoral detall\u00f3 que se desplegar\u00e1n 8.227 miembros de mesa y un personal t\u00e9cnico operativo de 55.000 personas. En total, el Consejo Nacional Electoral despleg\u00f3 139. 227 trabajadores para el referendo consultivo.<\/p>\n\n\n\n<p>Este mi\u00e9rcoles, acompa\u00f1an al jefe de Estado venezolano, la Primera Combatiente de la Rep\u00fablica y Diputada de la Asamblea Nacional, Cilia Flores; asimismo por los integrantes del Comando de Campa\u00f1a, Diosdado Cabello, Primer Vicepresidente del PSUV; Jorge Rodr\u00edguez, presidente de la Asamblea Nacional y Coordinador Nacional del Comando de Campa\u00f1a \u201cVenezuela Toda\u201d; H\u00e9ctor Rodr\u00edguez, Gobernador del estado Miranda; Carlos Augusto Leal Teller\u00eda, ministro del Poder Popular para la Alimentaci\u00f3n; Nahum Fern\u00e1ndez, Jefe de Gobierno de Caracas; Pedro Infante, diputado a la Asamblea Nacional; Jorge Arreaza, ministro del Poder Popular para las Comunas y los Movimientos Sociales; Mayor General Javier Marcano T\u00e1bata, Comandante General de la Milicia Bolivariana.<\/p>\n\n\n\n<p>La jornada tambi\u00e9n contar\u00e1 con la participaci\u00f3n de las 5 Fuerzas del 5 x 5 con enfoque territorial y sectorial: Comit\u00e9 Local de Abastecimiento y Producci\u00f3n (CLAP), Consejos Comunales, Milicia Bolivariana, Movimientos Sociales y Gran Polo Patri\u00f3tico Sim\u00f3n Bol\u00edvar: Mujeres, Juventud, Trabajadores, sector Educaci\u00f3n, Misiones y Grandes Misiones y equipos de las Unidades de Batalla Bol\u00edvar- Ch\u00e1vez (UBCH), Comunidad y Calle del Partido Socialista Unido de Venezuela (PSUV).<\/p>\n\n\n\n<p><strong>Prensa Presidencial \/ Ana\u00eds P\u00e9rez<\/strong><\/p>\n","protected":false},"excerpt":{"rendered":"<p>Teatro Teresa Carre\u00f1o, Caracas.- En la recta final para el refer\u00e9ndum consultivo por la defensa de la Guayaba Esequiba, el presidente de la Rep\u00fablica Bolivariana de Venezuela, Nicol\u00e1s Maduro, dirige Encuentro con la Maquinaria 5&#215;5 en Defensa del Esequibo, desde la sala Rios Reyna del Teatro Teresa Carre\u00f1o, en la ciudad de Caracas. De cara [&hellip;]<\/p>\n","protected":false},"author":4,"featured_media":9968,"comment_status":"open","ping_status":"open","sticky":false,"template":"","format":"standard","meta":{"footnotes":""},"categories":[18,7],"tags":[],"class_list":["post-9967","post","type-post","status-publish","format-standard","has-post-thumbnail","hentry","category-noticias-principales","category-notas-de-prensa"],"_links":{"self":[{"href":"https:\/\/prensapresidencialvenezuela.gob.ve\/index.php\/wp-json\/wp\/v2\/posts\/9967","targetHints":{"allow":["GET"]}}],"collection":[{"href":"https:\/\/prensapresidencialvenezuela.gob.ve\/index.php\/wp-json\/wp\/v2\/posts"}],"about":[{"href":"https:\/\/prensapresidencialvenezuela.gob.ve\/index.php\/wp-json\/wp\/v2\/types\/post"}],"author":[{"embeddable":true,"href":"https:\/\/prensapresidencialvenezuela.gob.ve\/index.php\/wp-json\/wp\/v2\/users\/4"}],"replies":[{"embeddable":true,"href":"https:\/\/prensapresidencialvenezuela.gob.ve\/index.php\/wp-json\/wp\/v2\/comments?post=9967"}],"version-history":[{"count":1,"href":"https:\/\/prensapresidencialvenezuela.gob.ve\/index.php\/wp-json\/wp\/v2\/posts\/9967\/revisions"}],"predecessor-version":[{"id":9969,"href":"https:\/\/prensapresidencialvenezuela.gob.ve\/index.php\/wp-json\/wp\/v2\/posts\/9967\/revisions\/9969"}],"wp:featuredmedia":[{"embeddable":true,"href":"https:\/\/prensapresidencialvenezuela.gob.ve\/index.php\/wp-json\/wp\/v2\/media\/9968"}],"wp:attachment":[{"href":"https:\/\/prensapresidencialvenezuela.gob.ve\/index.php\/wp-json\/wp\/v2\/media?parent=9967"}],"wp:term":[{"taxonomy":"category","embeddable":true,"href":"https:\/\/prensapresidencialvenezuela.gob.ve\/index.php\/wp-json\/wp\/v2\/categories?post=9967"},{"taxonomy":"post_tag","embeddable":true,"href":"https:\/\/prensapresidencialvenezuela.gob.ve\/index.php\/wp-json\/wp\/v2\/tags?post=9967"}],"curies":[{"name":"wp","href":"https:\/\/api.w.org\/{rel}","templated":true}]}}