{"id":9979,"date":"2023-11-29T11:09:00","date_gmt":"2023-11-29T15:09:00","guid":{"rendered":"http:\/\/172.27.0.121\/?p=9979"},"modified":"2024-04-23T11:11:48","modified_gmt":"2024-04-23T15:11:48","slug":"estructura-del-psuv-movilizara-a-venezolanos-sin-distingos-politicos-este-3-d","status":"publish","type":"post","link":"https:\/\/prensapresidencialvenezuela.gob.ve\/index.php\/2023\/11\/29\/estructura-del-psuv-movilizara-a-venezolanos-sin-distingos-politicos-este-3-d\/","title":{"rendered":"Estructura del PSUV movilizar\u00e1 a venezolanos sin distingos pol\u00edticos este 3-D"},"content":{"rendered":"\n<p><strong>Teatro Teresa Carre\u00f1o, Caracas.-<\/strong> El Partido Socialista Unido de Venezuela (PSUV) y el Gran Polo Patri\u00f3tico (GPP) se han incorporado activamente en una campa\u00f1a nacional que ahora debe conllevar al voto efectivo y tangible de este 3 de diciembre en defensa de la Guayana Esequiba.<\/p>\n\n\n\n<p>As\u00ed lo afirm\u00f3 el primer vicepresidente del PSUV y diputado a la Asamblea Nacional, Diosdado Cabello Rond\u00f3n, al detallar que la estructura de la tolda roja cuenta con m\u00e1s de 269 mil comunidades organizadas, que a su vez tienen un jefe o jefa de calle y un equipo de trabajo articulado.<\/p>\n\n\n\n<p>\u201cLa instrucci\u00f3n que hemos dado nosotros es que la estructura del Partido Socialista Unido de Venezuela mueva a todos los venezolanos y venezolanas, sean o no sean de la revoluci\u00f3n, porque lo que est\u00e1 en juego no es cualquier cosa (\u2026) Esta maquinaria esta a la orden de todos los venezolanos y venezolanas\u201d, expres\u00f3.<\/p>\n\n\n\n<p>Cabello relat\u00f3 que en las calles de Venezuela se ha visto una hermosa expresi\u00f3n de unidad nacional, de absoluto respeto, centrados en la defensa del territorio Esequibo. \u201cEs el pa\u00eds unido por una causa\u201d, destac\u00f3.<\/p>\n\n\n\n<p>En esa l\u00ednea, asever\u00f3 que el refer\u00e9ndum consultivo, previsto para el pr\u00f3ximo 3 de diciembre, marcar\u00e1 un antes y un despu\u00e9s en la pol\u00edtica venezolana, puesto que el pueblo esta movilizado en todo el territorio en defensa de la Guayana Esequiba.<\/p>\n\n\n\n<p>\u201cLa Guayana Esequiba, tal como lo dijo el padre Bol\u00edvar con su octava estrella, nos pertenece a todos los venezolanos y venezolanas\u201d, subray\u00f3.<\/p>\n\n\n\n<p>El primer vicepresidente del PSUV llam\u00f3 a tomar previsiones y activar planes especiales de atenci\u00f3n en todo el pa\u00eds, sobre todo a los adultos mayores.<\/p>\n\n\n\n<p>\u201cLa juventud tiene una tarea (\u2026) votamos y nos quedamos atender a todo aquel que necesite ayuda, sea quien sea\u201d, inst\u00f3 Cabello, al tiempo que inform\u00f3 que la fuerza motorizada del PSUV est\u00e1 dispuesta para la movilizaci\u00f3n de todos los venezolanos y venezolanas para que ejerzan su derecho al voto.<\/p>\n\n\n\n<p>\u201cEl esp\u00edritu que hay hoy en la calle es de unidad nacional (\u2026) Como dicen por ah\u00ed: `el que entendi\u00f3, entendi\u00f3` y este pueblo no se va dejar arrebatar nuestra Guayana Esequiba\u201d, sentenci\u00f3.<\/p>\n\n\n\n<p>Las palabras las ofreci\u00f3 Diosdado Cabello durante un Encuentro del presidente de la Rep\u00fablica, Nicol\u00e1s Maduro Moros, con la Maquinaria 5\u00d75 en Defensa del Esequibo, llevado a cabo este mi\u00e9rcoles en el Teatro Teresa Carre\u00f1o de Caracas.<\/p>\n\n\n\n<p><strong>Prensa Presidencial \/ Bianca Borrero<\/strong><\/p>\n","protected":false},"excerpt":{"rendered":"<p>Teatro Teresa Carre\u00f1o, Caracas.- El Partido Socialista Unido de Venezuela (PSUV) y el Gran Polo Patri\u00f3tico (GPP) se han incorporado activamente en una campa\u00f1a nacional que ahora debe conllevar al voto efectivo y tangible de este 3 de diciembre en defensa de la Guayana Esequiba. As\u00ed lo afirm\u00f3 el primer vicepresidente del PSUV y diputado [&hellip;]<\/p>\n","protected":false},"author":4,"featured_media":9980,"comment_status":"open","ping_status":"open","sticky":false,"template":"","format":"standard","meta":{"footnotes":""},"categories":[18,7],"tags":[],"class_list":["post-9979","post","type-post","status-publish","format-standard","has-post-thumbnail","hentry","category-noticias-principales","category-notas-de-prensa"],"_links":{"self":[{"href":"https:\/\/prensapresidencialvenezuela.gob.ve\/index.php\/wp-json\/wp\/v2\/posts\/9979","targetHints":{"allow":["GET"]}}],"collection":[{"href":"https:\/\/prensapresidencialvenezuela.gob.ve\/index.php\/wp-json\/wp\/v2\/posts"}],"about":[{"href":"https:\/\/prensapresidencialvenezuela.gob.ve\/index.php\/wp-json\/wp\/v2\/types\/post"}],"author":[{"embeddable":true,"href":"https:\/\/prensapresidencialvenezuela.gob.ve\/index.php\/wp-json\/wp\/v2\/users\/4"}],"replies":[{"embeddable":true,"href":"https:\/\/prensapresidencialvenezuela.gob.ve\/index.php\/wp-json\/wp\/v2\/comments?post=9979"}],"version-history":[{"count":1,"href":"https:\/\/prensapresidencialvenezuela.gob.ve\/index.php\/wp-json\/wp\/v2\/posts\/9979\/revisions"}],"predecessor-version":[{"id":9981,"href":"https:\/\/prensapresidencialvenezuela.gob.ve\/index.php\/wp-json\/wp\/v2\/posts\/9979\/revisions\/9981"}],"wp:featuredmedia":[{"embeddable":true,"href":"https:\/\/prensapresidencialvenezuela.gob.ve\/index.php\/wp-json\/wp\/v2\/media\/9980"}],"wp:attachment":[{"href":"https:\/\/prensapresidencialvenezuela.gob.ve\/index.php\/wp-json\/wp\/v2\/media?parent=9979"}],"wp:term":[{"taxonomy":"category","embeddable":true,"href":"https:\/\/prensapresidencialvenezuela.gob.ve\/index.php\/wp-json\/wp\/v2\/categories?post=9979"},{"taxonomy":"post_tag","embeddable":true,"href":"https:\/\/prensapresidencialvenezuela.gob.ve\/index.php\/wp-json\/wp\/v2\/tags?post=9979"}],"curies":[{"name":"wp","href":"https:\/\/api.w.org\/{rel}","templated":true}]}}