{"id":9982,"date":"2023-11-29T11:11:00","date_gmt":"2023-11-29T15:11:00","guid":{"rendered":"http:\/\/172.27.0.121\/?p=9982"},"modified":"2024-04-23T11:12:57","modified_gmt":"2024-04-23T15:12:57","slug":"el-gran-derrotado-el-3-d-sera-el-presidente-de-guyana","status":"publish","type":"post","link":"https:\/\/prensapresidencialvenezuela.gob.ve\/index.php\/2023\/11\/29\/el-gran-derrotado-el-3-d-sera-el-presidente-de-guyana\/","title":{"rendered":"El gran derrotado el 3-D ser\u00e1 el presidente de Guyana"},"content":{"rendered":"\n<p><strong>Teatro Teresa Carre\u00f1o, Caracas.-<\/strong> \u201cEsta ha sido una campa\u00f1a in\u00e9dita y ser\u00e1 una elecci\u00f3n in\u00e9dita en la historia de Venezuela, porque ser\u00e1 la \u00fanica elecci\u00f3n donde todas y todos saldremos vencedores, todas y todos los venezolanos habremos triunfado en esta lucha por la recuperaci\u00f3n de nuestra Guayana Esequiba\u201d.<\/p>\n\n\n\n<p>La afirmaci\u00f3n corresponden al presidente de la Asamblea Nacional, Jorge Rodr\u00edguez, durante su intervenci\u00f3n en el Encuentro con la Maquinaria 5\u00d75 en defensa del Esequibo, llevado a cabo este mi\u00e9rcoles en el Teatro Teresa Carre\u00f1o de Caracas.<\/p>\n\n\n\n<p>Rodr\u00edguez enfatiz\u00f3 que el gran derrotado en esta justa electoral del 3 de diciembre ser\u00e1 el presidente de Guyana, Irfaan Ali, a quien calific\u00f3 de \u201cprovocador\u201d.<\/p>\n\n\n\n<p>Agreg\u00f3 que, con el refer\u00e9ndum consultivo, tambi\u00e9n ser\u00e1n derrotados la transnacional petrolera ExxonMobil y la embajadora de Estados Unidos en Guyana, Nicole Theriot, quien recientemente ofreci\u00f3 unas declaraciones en las que afirm\u00f3 que la Casa Blanca \u201cabordar\u00e1 las amenazas transversales y promover\u00e1 la seguridad regional\u201d en el marco de la controversia territorial entre Venezuela y Guyana.<\/p>\n\n\n\n<p>\u201cA ellos tres \u2013dijo- al Presidente de Guyana, a la ExxonMobil y a la Embajadora gringa le vamos a dar una lecci\u00f3n de millones de votos que se van a expresar el pr\u00f3ximo domingo 3 de diciembre y saldr\u00e1 victoriosa toda Venezuela, independientemente de c\u00f3mo pensemos\u201d.<\/p>\n\n\n\n<p>El Presidente del Poder Legislativo indic\u00f3 adem\u00e1s que Venezuela Toda se ha movilizado en defensa del territorio durante la campa\u00f1a y \u201cnosotros esperamos que ese fervor, esa emoci\u00f3n, ese entusiasmo que se ha expresado en cada calle, en cada barrio, en cada urbanizaci\u00f3n, en cada pueblo y en cada ciudad se conviertan en la realidad de que nadie se quede sin votar este domingo\u201d.<\/p>\n\n\n\n<p><strong>Prensa Presidencial \/ Bianca Borrero<\/strong><\/p>\n","protected":false},"excerpt":{"rendered":"<p>Teatro Teresa Carre\u00f1o, Caracas.- \u201cEsta ha sido una campa\u00f1a in\u00e9dita y ser\u00e1 una elecci\u00f3n in\u00e9dita en la historia de Venezuela, porque ser\u00e1 la \u00fanica elecci\u00f3n donde todas y todos saldremos vencedores, todas y todos los venezolanos habremos triunfado en esta lucha por la recuperaci\u00f3n de nuestra Guayana Esequiba\u201d. La afirmaci\u00f3n corresponden al presidente de la [&hellip;]<\/p>\n","protected":false},"author":4,"featured_media":9983,"comment_status":"open","ping_status":"open","sticky":false,"template":"","format":"standard","meta":{"footnotes":""},"categories":[18,7],"tags":[],"class_list":["post-9982","post","type-post","status-publish","format-standard","has-post-thumbnail","hentry","category-noticias-principales","category-notas-de-prensa"],"_links":{"self":[{"href":"https:\/\/prensapresidencialvenezuela.gob.ve\/index.php\/wp-json\/wp\/v2\/posts\/9982","targetHints":{"allow":["GET"]}}],"collection":[{"href":"https:\/\/prensapresidencialvenezuela.gob.ve\/index.php\/wp-json\/wp\/v2\/posts"}],"about":[{"href":"https:\/\/prensapresidencialvenezuela.gob.ve\/index.php\/wp-json\/wp\/v2\/types\/post"}],"author":[{"embeddable":true,"href":"https:\/\/prensapresidencialvenezuela.gob.ve\/index.php\/wp-json\/wp\/v2\/users\/4"}],"replies":[{"embeddable":true,"href":"https:\/\/prensapresidencialvenezuela.gob.ve\/index.php\/wp-json\/wp\/v2\/comments?post=9982"}],"version-history":[{"count":1,"href":"https:\/\/prensapresidencialvenezuela.gob.ve\/index.php\/wp-json\/wp\/v2\/posts\/9982\/revisions"}],"predecessor-version":[{"id":9984,"href":"https:\/\/prensapresidencialvenezuela.gob.ve\/index.php\/wp-json\/wp\/v2\/posts\/9982\/revisions\/9984"}],"wp:featuredmedia":[{"embeddable":true,"href":"https:\/\/prensapresidencialvenezuela.gob.ve\/index.php\/wp-json\/wp\/v2\/media\/9983"}],"wp:attachment":[{"href":"https:\/\/prensapresidencialvenezuela.gob.ve\/index.php\/wp-json\/wp\/v2\/media?parent=9982"}],"wp:term":[{"taxonomy":"category","embeddable":true,"href":"https:\/\/prensapresidencialvenezuela.gob.ve\/index.php\/wp-json\/wp\/v2\/categories?post=9982"},{"taxonomy":"post_tag","embeddable":true,"href":"https:\/\/prensapresidencialvenezuela.gob.ve\/index.php\/wp-json\/wp\/v2\/tags?post=9982"}],"curies":[{"name":"wp","href":"https:\/\/api.w.org\/{rel}","templated":true}]}}