{"id":9985,"date":"2023-11-29T11:13:00","date_gmt":"2023-11-29T15:13:00","guid":{"rendered":"http:\/\/172.27.0.121\/?p=9985"},"modified":"2024-04-23T11:14:28","modified_gmt":"2024-04-23T15:14:28","slug":"presidente-ordena-al-saime-redoblar-esfuerzos-para-garantizar-cedulacion-de-venezolanos","status":"publish","type":"post","link":"https:\/\/prensapresidencialvenezuela.gob.ve\/index.php\/2023\/11\/29\/presidente-ordena-al-saime-redoblar-esfuerzos-para-garantizar-cedulacion-de-venezolanos\/","title":{"rendered":"Presidente ordena al SAIME redoblar esfuerzos para garantizar cedulaci\u00f3n de venezolanos"},"content":{"rendered":"\n<p><strong>Teatro Teresa Carre\u00f1o, Caracas.-<\/strong> El presidente de la Rep\u00fablica, Nicol\u00e1s Maduro Moros, instruy\u00f3 al director del Servicio Administrativo de Identificaci\u00f3n Migraci\u00f3n y Extranjer\u00eda (SAIME), Gustavo Vizca\u00edno, redoblar los esfuerzos para garantizar la cedulaci\u00f3n de las venezolanas y venezolanos.<\/p>\n\n\n\n<p>\u201cPonte las pilas Gustavo Vizca\u00edno, me garantizas la cedulaci\u00f3n del pueblo\u201d, expres\u00f3 el Jefe de Estado desde el Teatro Teresa Carre\u00f1o de Caracas, donde sostuvo un Encuentro con la Maquinaria 5\u00d75 en Defensa del Esequibo.<\/p>\n\n\n\n<p>El SAIME inici\u00f3 este lunes un operativo especial de cedulaci\u00f3n en m\u00e1s de 100 oficinas del pa\u00eds, a fin de garantizar que todos los venezolanos cuenten con documento de identidad para el refer\u00e9ndum consultivo del pr\u00f3ximo 3 de diciembre.<\/p>\n\n\n\n<p>En ese contexto, el Mandatario nacional explic\u00f3 que toda venezolana y venezolano que tenga su c\u00e9dula de identidad laminada vencida podr\u00e1 ejercer su derecho al voto en la cita comicial.<\/p>\n\n\n\n<p>El acto del sufragio es muy sencillo, destac\u00f3 el Presidente, al llamar a todo el pueblo a participar masivamente y votar 5 veces s\u00ed en la justa electoral en defensa de la Guayana Esequiba.<\/p>\n\n\n\n<p><strong>Prensa Presidencial \/ Bianca Borrero<\/strong><\/p>\n","protected":false},"excerpt":{"rendered":"<p>Teatro Teresa Carre\u00f1o, Caracas.- El presidente de la Rep\u00fablica, Nicol\u00e1s Maduro Moros, instruy\u00f3 al director del Servicio Administrativo de Identificaci\u00f3n Migraci\u00f3n y Extranjer\u00eda (SAIME), Gustavo Vizca\u00edno, redoblar los esfuerzos para garantizar la cedulaci\u00f3n de las venezolanas y venezolanos. \u201cPonte las pilas Gustavo Vizca\u00edno, me garantizas la cedulaci\u00f3n del pueblo\u201d, expres\u00f3 el Jefe de Estado desde [&hellip;]<\/p>\n","protected":false},"author":4,"featured_media":9986,"comment_status":"open","ping_status":"open","sticky":false,"template":"","format":"standard","meta":{"footnotes":""},"categories":[18,7],"tags":[],"class_list":["post-9985","post","type-post","status-publish","format-standard","has-post-thumbnail","hentry","category-noticias-principales","category-notas-de-prensa"],"_links":{"self":[{"href":"https:\/\/prensapresidencialvenezuela.gob.ve\/index.php\/wp-json\/wp\/v2\/posts\/9985","targetHints":{"allow":["GET"]}}],"collection":[{"href":"https:\/\/prensapresidencialvenezuela.gob.ve\/index.php\/wp-json\/wp\/v2\/posts"}],"about":[{"href":"https:\/\/prensapresidencialvenezuela.gob.ve\/index.php\/wp-json\/wp\/v2\/types\/post"}],"author":[{"embeddable":true,"href":"https:\/\/prensapresidencialvenezuela.gob.ve\/index.php\/wp-json\/wp\/v2\/users\/4"}],"replies":[{"embeddable":true,"href":"https:\/\/prensapresidencialvenezuela.gob.ve\/index.php\/wp-json\/wp\/v2\/comments?post=9985"}],"version-history":[{"count":1,"href":"https:\/\/prensapresidencialvenezuela.gob.ve\/index.php\/wp-json\/wp\/v2\/posts\/9985\/revisions"}],"predecessor-version":[{"id":9987,"href":"https:\/\/prensapresidencialvenezuela.gob.ve\/index.php\/wp-json\/wp\/v2\/posts\/9985\/revisions\/9987"}],"wp:featuredmedia":[{"embeddable":true,"href":"https:\/\/prensapresidencialvenezuela.gob.ve\/index.php\/wp-json\/wp\/v2\/media\/9986"}],"wp:attachment":[{"href":"https:\/\/prensapresidencialvenezuela.gob.ve\/index.php\/wp-json\/wp\/v2\/media?parent=9985"}],"wp:term":[{"taxonomy":"category","embeddable":true,"href":"https:\/\/prensapresidencialvenezuela.gob.ve\/index.php\/wp-json\/wp\/v2\/categories?post=9985"},{"taxonomy":"post_tag","embeddable":true,"href":"https:\/\/prensapresidencialvenezuela.gob.ve\/index.php\/wp-json\/wp\/v2\/tags?post=9985"}],"curies":[{"name":"wp","href":"https:\/\/api.w.org\/{rel}","templated":true}]}}