{"id":9991,"date":"2023-11-29T11:18:00","date_gmt":"2023-11-29T15:18:00","guid":{"rendered":"http:\/\/172.27.0.121\/?p=9991"},"modified":"2024-04-23T11:20:59","modified_gmt":"2024-04-23T15:20:59","slug":"maquinaria-5x5-afina-estrategias-para-el-proximo-domingo-en-defensa-del-esequibo","status":"publish","type":"post","link":"https:\/\/prensapresidencialvenezuela.gob.ve\/index.php\/2023\/11\/29\/maquinaria-5x5-afina-estrategias-para-el-proximo-domingo-en-defensa-del-esequibo\/","title":{"rendered":"Maquinaria 5&#215;5 afina estrategias para el pr\u00f3ximo domingo en Defensa del Esequibo"},"content":{"rendered":"\n<p><strong>Teatro Teresa Carre\u00f1o, Caracas.-<\/strong>&nbsp; Durante el Encuentro con la Maquinaria 5&#215;5 en Defensa del Esequibo, el presidente de la Rep\u00fablica Bolivariana de Venezuela, Nicol\u00e1s Maduro, inform\u00f3 que los Comit\u00e9s Locales de Abastecimiento y Producci\u00f3n (CLAP), se coordinan para participar masivamente el pr\u00f3ximo domingo 3 de diciembre en el refer\u00e9ndum consultivo, en defensa de la Guayana Esequiba.<\/p>\n\n\n\n<p>Esta fuerza ya cuenta con 46 mil 338 CLAP conformados en todo el pa\u00eds.<\/p>\n\n\n\n<p>Al respecto, el ministro del Poder Popular para la Alimentaci\u00f3n, M\/G Carlos Leal Teller\u00eda, dio el parte al Mandatario nacional acerca del trabajo articulado que vienen desarrollando los CLAP dentro de las comunidades con la realizaci\u00f3n de asambleas populares y conferencias, para estimular el voto.<\/p>\n\n\n\n<p>Destac\u00f3 que por medio de dicha labor ya alcanzaron 6 millones 240 mil personas a trav\u00e9s del 1&#215;10, que votar\u00e1n el pr\u00f3ximo domingo.<\/p>\n\n\n\n<p>\u201cAhora nos multiplicaremos, toda Venezuela definitivamente, y vamos ahora con el 5&#215;5&nbsp; para el pr\u00f3ximo 3 de diciembre, decirle al mundo que cinco veces s\u00ed el Esequibo es y ser\u00e1 por siempre nuestro\u201d, apunt\u00f3.<\/p>\n\n\n\n<p>En este contexto, el presidente Maduro llam\u00f3 a que todos Los CLAP \u201ctengan su mesa, su sala nacional, su sala estatal, su sala municipal, su sala parroquial, de coordinaci\u00f3n del plan de movilizaci\u00f3n de remate de campa\u00f1a, de volanteo y de trabajo para el 3 de diciembre\u201d.<\/p>\n\n\n\n<p>El Jefe de Estado recalc\u00f3 que los consejos comunales y las comunas ya est\u00e1n activados para la pr\u00f3xima jornada electoral, y los primeros, ya suman en sus filas 49 mil 182 consejos comunales.<\/p>\n\n\n\n<p>Enfatiz\u00f3 tambi\u00e9n que la labor de los consejos comunales es crucial, por ser de gran alcance, \u201caproximadamente a 12 millones de vecinos y vecinas le llegan\u201d.<\/p>\n\n\n\n<p>Por su parte, el ministro del Poder Popular para las Comunas y Movimientos Sociales, Jorge Arreaza, ratific\u00f3 lo significativo de la tarea que realizan los voceros y voceras comunales, quienes ya tienen m\u00e9todos de organizaci\u00f3n que activar\u00e1n para el proceso electoral.<\/p>\n\n\n\n<p>\u201cLa instrucci\u00f3n que ellos mismos se han dado es reunirse en los puntos tricolor con los compa\u00f1eros de la milicia, con los compa\u00f1eros de las estructuras de nuestros partidos, con los compa\u00f1eros de los CLAP, para armonizar todos los procesos, comparar los distintos padrones electorales y listados que tenemos y organizar una sola log\u00edstica de movilizaci\u00f3n para el pr\u00f3ximo tres de diciembre\u201d.<\/p>\n\n\n\n<p>El Dignatario inform\u00f3 que el quinto componente de la Fuerza Armada Nacional Bolivariana (FANB), la fuerza miliciana, se sumar\u00e1 al despliegue para defender el voto y garantizar que toda la jornada se lleve a cabo sin inconvenientes.<\/p>\n\n\n\n<p>\u201cTenemos un pie de fuerza ya organizado, preparado, entrenado, activado, que supera a un mill\u00f3n de milicianos y milicianas listos para el combate, en defensa de la paz, la independencia, la soberan\u00eda, en defensa de la Patria\u201d.<\/p>\n\n\n\n<p>As\u00ed mismo, el coordinador general del Congreso de la Nueva \u00c9poca 3R.Nets, H\u00e9ctor Rodr\u00edguez, se\u00f1al\u00f3 que la plataforma que engloba a 43 movimientos sociales y 264 columnas, que realizan una labor a nivel territorial y sectorial, que se divide en diversos sectores (mujeres, juventud, estudiantes, afrodescendientes, pueblos ind\u00edgenas, trabajadores, campesinos, comunidades internacionales, personas con discapacidad, entre otras), afina su maquinaria para la jornada en favor de Venezuela.<\/p>\n\n\n\n<p>Con la puesta en marcha de una aplicaci\u00f3n digital, se concentrar\u00e1n todos los gremios que forman parte del Congreso, para multiplicar los esfuerzos.<\/p>\n\n\n\n<p>\u201cTodas las columnas pueden descargar esta APP que se llama \u201cVenezuela Toda\u201d y recibir las noticias de lo que est\u00e1 pasando en el comando de campa\u00f1a, registrar sus distintas comunidades, sus distintas organizaciones, sus distintos movimientos sociales, pueden hacer su lista de contactos que ellos quieran llevar a movilizar, porque esta campa\u00f1a, es una campa\u00f1a que ha ido m\u00e1s all\u00e1 de los movimientos, de los partidos, aparte de los movimientos sociales\u201d, afirm\u00f3 Rodr\u00edguez.<\/p>\n\n\n\n<p><strong>Prensa Presidencial \/ Mar\u00eda Mercedes Noguera<\/strong><\/p>\n","protected":false},"excerpt":{"rendered":"<p>Teatro Teresa Carre\u00f1o, Caracas.-&nbsp; Durante el Encuentro con la Maquinaria 5&#215;5 en Defensa del Esequibo, el presidente de la Rep\u00fablica Bolivariana de Venezuela, Nicol\u00e1s Maduro, inform\u00f3 que los Comit\u00e9s Locales de Abastecimiento y Producci\u00f3n (CLAP), se coordinan para participar masivamente el pr\u00f3ximo domingo 3 de diciembre en el refer\u00e9ndum consultivo, en defensa de la Guayana [&hellip;]<\/p>\n","protected":false},"author":4,"featured_media":9992,"comment_status":"open","ping_status":"open","sticky":false,"template":"","format":"standard","meta":{"footnotes":""},"categories":[18,7],"tags":[],"class_list":["post-9991","post","type-post","status-publish","format-standard","has-post-thumbnail","hentry","category-noticias-principales","category-notas-de-prensa"],"_links":{"self":[{"href":"https:\/\/prensapresidencialvenezuela.gob.ve\/index.php\/wp-json\/wp\/v2\/posts\/9991","targetHints":{"allow":["GET"]}}],"collection":[{"href":"https:\/\/prensapresidencialvenezuela.gob.ve\/index.php\/wp-json\/wp\/v2\/posts"}],"about":[{"href":"https:\/\/prensapresidencialvenezuela.gob.ve\/index.php\/wp-json\/wp\/v2\/types\/post"}],"author":[{"embeddable":true,"href":"https:\/\/prensapresidencialvenezuela.gob.ve\/index.php\/wp-json\/wp\/v2\/users\/4"}],"replies":[{"embeddable":true,"href":"https:\/\/prensapresidencialvenezuela.gob.ve\/index.php\/wp-json\/wp\/v2\/comments?post=9991"}],"version-history":[{"count":1,"href":"https:\/\/prensapresidencialvenezuela.gob.ve\/index.php\/wp-json\/wp\/v2\/posts\/9991\/revisions"}],"predecessor-version":[{"id":9993,"href":"https:\/\/prensapresidencialvenezuela.gob.ve\/index.php\/wp-json\/wp\/v2\/posts\/9991\/revisions\/9993"}],"wp:featuredmedia":[{"embeddable":true,"href":"https:\/\/prensapresidencialvenezuela.gob.ve\/index.php\/wp-json\/wp\/v2\/media\/9992"}],"wp:attachment":[{"href":"https:\/\/prensapresidencialvenezuela.gob.ve\/index.php\/wp-json\/wp\/v2\/media?parent=9991"}],"wp:term":[{"taxonomy":"category","embeddable":true,"href":"https:\/\/prensapresidencialvenezuela.gob.ve\/index.php\/wp-json\/wp\/v2\/categories?post=9991"},{"taxonomy":"post_tag","embeddable":true,"href":"https:\/\/prensapresidencialvenezuela.gob.ve\/index.php\/wp-json\/wp\/v2\/tags?post=9991"}],"curies":[{"name":"wp","href":"https:\/\/api.w.org\/{rel}","templated":true}]}}